{"id":2848,"date":"2025-05-27T20:36:04","date_gmt":"2025-05-28T02:36:04","guid":{"rendered":"https:\/\/dvnoticias.com.mx\/?p=2848"},"modified":"2025-05-28T02:36:06","modified_gmt":"2025-05-28T02:36:06","slug":"todo-listo-para-la-carrera-atletica-corre-como-el-viento","status":"publish","type":"post","link":"https:\/\/dvnoticias.com.mx\/index.php\/2025\/05\/27\/todo-listo-para-la-carrera-atletica-corre-como-el-viento\/","title":{"rendered":"Todo listo para la carrera atl\u00e9tica \u201cCorre como el Viento\u201d"},"content":{"rendered":"<p>Ciudad Victoria, Tamaulipas.- En conmemoraci\u00f3n del D\u00eda Mundial del Viento, la Secretar\u00eda de Desarrollo Energ\u00e9tico anunci\u00f3 una nueva edici\u00f3n de la carrera atl\u00e9tica \u201cCorre como el viento 2025\u201d en la capital de Tamaulipas.<\/p>\n<p>En conferencia de prensa, el secretario Walter Juli\u00e1n \u00c1ngel Jim\u00e9nez y el subsecretario de Electricidad y Energ\u00edas Renovables, Roberto Manuel Rend\u00f3n hicieron la invitaci\u00f3n a las y los tamaulipecos a unirse a esta actividad deportiva que se celebrar\u00e1 el pr\u00f3ximo 15 de junio del presente a\u00f1o.<\/p>\n<p>\u201cEl D\u00eda Mundial del Viento se celebra desde el 2007, con el fin de reivindicar la importancia de estos recursos en nuestra vida cotidiana y hacer conciencia sobre ellos, estos recursos tan comunes que tenemos\u201d.<\/p>\n<p>Durante la carrera se detall\u00f3 que las categor\u00edas participantes ser\u00e1n mujeres mayores de 18 a\u00f1os; hombres mayores de 18 a\u00f1os; y ni\u00f1as, ni\u00f1os y j\u00f3venes hasta 17 a\u00f1os, donde los primeros tres lugares de cada categor\u00eda recibir\u00e1n una medalla y un premio. Adem\u00e1s, se llevar\u00e1 a cabo una rifa de diferentes obsequios para todos los participantes con n\u00famero de folio.<\/p>\n<p>Las distancias establecidas son 5 kil\u00f3metros para mayores de 18 a\u00f1os y de 2.5 kil\u00f3metros para las ni\u00f1as y ni\u00f1os y menores de 17 a\u00f1os. Cabe destacar, que a los primeros 800 corredores inscritos se les entregar\u00e1 un kit de n\u00famero y playera conmemorativa; del 801 en adelante solo ser\u00e1 n\u00famero para la rifa.<\/p>\n<p>Todas y todos los corredores y familias que quieran inscribirse deber\u00e1n llenar los datos en el siguiente enlace: <a href=\"https:\/\/forms.gle\/7f1PaosAUso8JauA7\">https:\/\/forms.gle\/7f1PaosAUso8JauA7<\/a>.<\/p>\n","protected":false},"excerpt":{"rendered":"<p>Ciudad Victoria, Tamaulipas.- En conmemoraci\u00f3n del D\u00eda Mundial del Viento, la Secretar\u00eda de Desarrollo Energ\u00e9tico anunci\u00f3 una nueva edici\u00f3n de la carrera atl\u00e9tica \u201cCorre como el viento 2025\u201d en la capital de Tamaulipas. En conferencia de prensa, el secretario Walter Juli\u00e1n \u00c1ngel Jim\u00e9nez y el subsecretario de Electricidad y Energ\u00edas Renovables, Roberto Manuel Rend\u00f3n hicieron [&hellip;]<\/p>\n","protected":false},"author":1,"featured_media":2850,"comment_status":"open","ping_status":"closed","sticky":false,"template":"","format":"standard","meta":{"footnotes":""},"categories":[3],"tags":[],"class_list":["post-2848","post","type-post","status-publish","format-standard","has-post-thumbnail","hentry","category-estatal"],"_links":{"self":[{"href":"https:\/\/dvnoticias.com.mx\/index.php\/wp-json\/wp\/v2\/posts\/2848","targetHints":{"allow":["GET"]}}],"collection":[{"href":"https:\/\/dvnoticias.com.mx\/index.php\/wp-json\/wp\/v2\/posts"}],"about":[{"href":"https:\/\/dvnoticias.com.mx\/index.php\/wp-json\/wp\/v2\/types\/post"}],"author":[{"embeddable":true,"href":"https:\/\/dvnoticias.com.mx\/index.php\/wp-json\/wp\/v2\/users\/1"}],"replies":[{"embeddable":true,"href":"https:\/\/dvnoticias.com.mx\/index.php\/wp-json\/wp\/v2\/comments?post=2848"}],"version-history":[{"count":1,"href":"https:\/\/dvnoticias.com.mx\/index.php\/wp-json\/wp\/v2\/posts\/2848\/revisions"}],"predecessor-version":[{"id":2849,"href":"https:\/\/dvnoticias.com.mx\/index.php\/wp-json\/wp\/v2\/posts\/2848\/revisions\/2849"}],"wp:featuredmedia":[{"embeddable":true,"href":"https:\/\/dvnoticias.com.mx\/index.php\/wp-json\/wp\/v2\/media\/2850"}],"wp:attachment":[{"href":"https:\/\/dvnoticias.com.mx\/index.php\/wp-json\/wp\/v2\/media?parent=2848"}],"wp:term":[{"taxonomy":"category","embeddable":true,"href":"https:\/\/dvnoticias.com.mx\/index.php\/wp-json\/wp\/v2\/categories?post=2848"},{"taxonomy":"post_tag","embeddable":true,"href":"https:\/\/dvnoticias.com.mx\/index.php\/wp-json\/wp\/v2\/tags?post=2848"}],"curies":[{"name":"wp","href":"https:\/\/api.w.org\/{rel}","templated":true}]}}