{"id":2839,"date":"2025-05-26T18:00:51","date_gmt":"2025-05-27T00:00:51","guid":{"rendered":"https:\/\/dvnoticias.com.mx\/?p=2839"},"modified":"2025-05-28T02:31:23","modified_gmt":"2025-05-28T02:31:23","slug":"anuncia-la-uat-proceso-de-reinscripciones-para-el-ciclo-de-verano-2025","status":"publish","type":"post","link":"https:\/\/dvnoticias.com.mx\/index.php\/2025\/05\/26\/anuncia-la-uat-proceso-de-reinscripciones-para-el-ciclo-de-verano-2025\/","title":{"rendered":"Anuncia la UAT proceso de reinscripciones para el ciclo de verano 2025"},"content":{"rendered":"<p>Cd. Victoria, Tamaulipas.- La Universidad Aut\u00f3noma de Tamaulipas (UAT) dio a conocer que a partir del 29 de mayo dar\u00e1 inicio el proceso de reinscripciones correspondiente al ciclo escolar Verano 2025 (2025-2), con el objetivo de brindar a las y los estudiantes la oportunidad de avanzar en su trayectoria acad\u00e9mica durante este periodo intersemestral.<\/p>\n<p>El periodo de reinscripci\u00f3n permanecer\u00e1 abierto hasta el 6 de junio, y podr\u00e1 realizarse a trav\u00e9s de los canales institucionales de la UAT y sus respectivas dependencias acad\u00e9micas.<\/p>\n<p>En seguimiento a las directrices de fortalecimiento acad\u00e9mico impulsadas por el rector D\u00e1maso Anaya Alvarado, este ciclo de verano ha sido dise\u00f1ado como una alternativa flexible, permitiendo a la comunidad estudiantil regularizar materias o adelantar contenidos curriculares, de manera eficiente y acorde a sus necesidades.<\/p>\n<p>De acuerdo con el calendario escolar-administrativo oficial, el periodo de clases del ciclo Verano 2025 dar\u00e1 inicio el pr\u00f3ximo lunes 2 de junio. Entre las fechas relevantes se contempla del 9 al 13 de junio para altas y bajas de materias; el 16 de junio como l\u00edmite para la realizaci\u00f3n de pagos; y los d\u00edas 16 y 17 de julio para las evaluaciones finales ordinarias. El cierre oficial del ciclo de verano ser\u00e1 el 18 de julio, con la entrega de actas de evaluaci\u00f3n.<\/p>\n<p>Este anuncio se emite tras la conclusi\u00f3n del ciclo Primavera 2025, el cual finaliz\u00f3 el pasado 16 de mayo. Las evaluaciones extraordinarias se llevaron a cabo entre el 19 y el 23 de mayo, marcando as\u00ed un cierre del periodo anterior y la transici\u00f3n hacia el nuevo ciclo acad\u00e9mico.<\/p>\n<p>De forma paralela, la UAT desarrolla tambi\u00e9n los procesos de admisi\u00f3n para el ciclo Oto\u00f1o 2025. En ese contexto, se tiene programada la cuarta aplicaci\u00f3n del examen de admisi\u00f3n EXANI-II del CENEVAL para el 15 de julio, sum\u00e1ndose a las tres aplicaciones previas realizadas.<\/p>\n<p>En lo que corresponde al per\u00edodo Oto\u00f1o 2025, se ha ampliado el plazo de registro para aspirantes hasta el 20 de junio.<\/p>\n<p>La UAT invita a su comunidad estudiantil para que se mantenga atenta a los canales oficiales de la instituci\u00f3n, as\u00ed como a las p\u00e1ginas de sus facultades, unidades acad\u00e9micas y escuelas, para consultar informaci\u00f3n actualizada sobre procedimientos, requisitos, horarios y oferta acad\u00e9mica disponible para cada uno de los ciclos escolares.<\/p>\n","protected":false},"excerpt":{"rendered":"<p>Cd. Victoria, Tamaulipas.- La Universidad Aut\u00f3noma de Tamaulipas (UAT) dio a conocer que a partir del 29 de mayo dar\u00e1 inicio el proceso de reinscripciones correspondiente al ciclo escolar Verano 2025 (2025-2), con el objetivo de brindar a las y los estudiantes la oportunidad de avanzar en su trayectoria acad\u00e9mica durante este periodo intersemestral. El [&hellip;]<\/p>\n","protected":false},"author":1,"featured_media":2841,"comment_status":"open","ping_status":"closed","sticky":false,"template":"","format":"standard","meta":{"footnotes":""},"categories":[8,7],"tags":[],"class_list":["post-2839","post","type-post","status-publish","format-standard","has-post-thumbnail","hentry","category-uat","category-universidad"],"_links":{"self":[{"href":"https:\/\/dvnoticias.com.mx\/index.php\/wp-json\/wp\/v2\/posts\/2839","targetHints":{"allow":["GET"]}}],"collection":[{"href":"https:\/\/dvnoticias.com.mx\/index.php\/wp-json\/wp\/v2\/posts"}],"about":[{"href":"https:\/\/dvnoticias.com.mx\/index.php\/wp-json\/wp\/v2\/types\/post"}],"author":[{"embeddable":true,"href":"https:\/\/dvnoticias.com.mx\/index.php\/wp-json\/wp\/v2\/users\/1"}],"replies":[{"embeddable":true,"href":"https:\/\/dvnoticias.com.mx\/index.php\/wp-json\/wp\/v2\/comments?post=2839"}],"version-history":[{"count":1,"href":"https:\/\/dvnoticias.com.mx\/index.php\/wp-json\/wp\/v2\/posts\/2839\/revisions"}],"predecessor-version":[{"id":2840,"href":"https:\/\/dvnoticias.com.mx\/index.php\/wp-json\/wp\/v2\/posts\/2839\/revisions\/2840"}],"wp:featuredmedia":[{"embeddable":true,"href":"https:\/\/dvnoticias.com.mx\/index.php\/wp-json\/wp\/v2\/media\/2841"}],"wp:attachment":[{"href":"https:\/\/dvnoticias.com.mx\/index.php\/wp-json\/wp\/v2\/media?parent=2839"}],"wp:term":[{"taxonomy":"category","embeddable":true,"href":"https:\/\/dvnoticias.com.mx\/index.php\/wp-json\/wp\/v2\/categories?post=2839"},{"taxonomy":"post_tag","embeddable":true,"href":"https:\/\/dvnoticias.com.mx\/index.php\/wp-json\/wp\/v2\/tags?post=2839"}],"curies":[{"name":"wp","href":"https:\/\/api.w.org\/{rel}","templated":true}]}}