{"id":2812,"date":"2025-05-24T19:00:15","date_gmt":"2025-05-25T01:00:15","guid":{"rendered":"https:\/\/dvnoticias.com.mx\/?p=2812"},"modified":"2025-05-28T02:17:28","modified_gmt":"2025-05-28T02:17:28","slug":"invita-dif-tampico-a-espectacular-concierto-de-piano-con-causa","status":"publish","type":"post","link":"https:\/\/dvnoticias.com.mx\/index.php\/2025\/05\/24\/invita-dif-tampico-a-espectacular-concierto-de-piano-con-causa\/","title":{"rendered":"Invita DIF Tampico a Espectacular Concierto de Piano con Causa"},"content":{"rendered":"<p>Tampico, Tamaulipas.- Con el objetivo de recaudar fondos para la Escuela de invidentes \u201cCamino de Luz\u201d del Centro de Rehabilitaci\u00f3n Integral -CRI-, el Sistema DIF Tampico, realizar\u00e1 el pr\u00f3ximo 11 de julio un concierto de piano con causa, con la reconocida artista, Hortencia Urteaga Diego.<\/p>\n<p>El Director General del organismo, Dr. Humberto Granados Cepeda, mencion\u00f3 que la pianista es invidente y ha participado en m\u00faltiples conciertos tanto en nuestro pa\u00eds, como en la uni\u00f3n americana, destacando la ciudades de Piedras Negras, Eagle Pass, San Antonio, San Marcos, Houston, Carolina del Norte y Asheville; adem\u00e1s de recibir innumerables premios.<\/p>\n<p>\u00abNuestra artista es un ejemplo de determinaci\u00f3n y fuerza, adem\u00e1s de ser una extraordinaria artista, tienen un gran coraz\u00f3n pues se suma al DIF Tampico en este concierto con causa para apoyar a nuestra escuela Camino de Luz\u00bb, expres\u00f3.<\/p>\n<p>Granados Cepeda, precis\u00f3 que el evento se llevar\u00e1 a cabo el pr\u00f3ximo 11 de julio en punto de las 18:00 horas en la Casa de la Cultura de Tampico y para los que deseen apoyar, el donativo ser\u00e1 de 350 pesos.<\/p>\n<p>A\u00f1adi\u00f3 que los boletos podr\u00e1n ser adquiridos en las oficinas centrales del DIF Tampico, ubicadas en calle Col\u00f3n esquina Carranza de la zona centro.<\/p>\n<p>Por \u00faltimo, el director general del sistema DIF Tampico subray\u00f3 que el concierto con causa, adem\u00e1s de recaudar fondos, tiene el objetivo de eliminar barreras y promover la participaci\u00f3n plena de todos en la sociedad.<\/p>\n","protected":false},"excerpt":{"rendered":"<p>Tampico, Tamaulipas.- Con el objetivo de recaudar fondos para la Escuela de invidentes \u201cCamino de Luz\u201d del Centro de Rehabilitaci\u00f3n Integral -CRI-, el Sistema DIF Tampico, realizar\u00e1 el pr\u00f3ximo 11 de julio un concierto de piano con causa, con la reconocida artista, Hortencia Urteaga Diego. El Director General del organismo, Dr. Humberto Granados Cepeda, mencion\u00f3 [&hellip;]<\/p>\n","protected":false},"author":1,"featured_media":2814,"comment_status":"open","ping_status":"closed","sticky":false,"template":"","format":"standard","meta":{"footnotes":""},"categories":[9],"tags":[],"class_list":["post-2812","post","type-post","status-publish","format-standard","has-post-thumbnail","hentry","category-zona-conurbada-del-sur"],"_links":{"self":[{"href":"https:\/\/dvnoticias.com.mx\/index.php\/wp-json\/wp\/v2\/posts\/2812","targetHints":{"allow":["GET"]}}],"collection":[{"href":"https:\/\/dvnoticias.com.mx\/index.php\/wp-json\/wp\/v2\/posts"}],"about":[{"href":"https:\/\/dvnoticias.com.mx\/index.php\/wp-json\/wp\/v2\/types\/post"}],"author":[{"embeddable":true,"href":"https:\/\/dvnoticias.com.mx\/index.php\/wp-json\/wp\/v2\/users\/1"}],"replies":[{"embeddable":true,"href":"https:\/\/dvnoticias.com.mx\/index.php\/wp-json\/wp\/v2\/comments?post=2812"}],"version-history":[{"count":1,"href":"https:\/\/dvnoticias.com.mx\/index.php\/wp-json\/wp\/v2\/posts\/2812\/revisions"}],"predecessor-version":[{"id":2813,"href":"https:\/\/dvnoticias.com.mx\/index.php\/wp-json\/wp\/v2\/posts\/2812\/revisions\/2813"}],"wp:featuredmedia":[{"embeddable":true,"href":"https:\/\/dvnoticias.com.mx\/index.php\/wp-json\/wp\/v2\/media\/2814"}],"wp:attachment":[{"href":"https:\/\/dvnoticias.com.mx\/index.php\/wp-json\/wp\/v2\/media?parent=2812"}],"wp:term":[{"taxonomy":"category","embeddable":true,"href":"https:\/\/dvnoticias.com.mx\/index.php\/wp-json\/wp\/v2\/categories?post=2812"},{"taxonomy":"post_tag","embeddable":true,"href":"https:\/\/dvnoticias.com.mx\/index.php\/wp-json\/wp\/v2\/tags?post=2812"}],"curies":[{"name":"wp","href":"https:\/\/api.w.org\/{rel}","templated":true}]}}