{"id":2776,"date":"2025-05-18T18:00:09","date_gmt":"2025-05-19T00:00:09","guid":{"rendered":"https:\/\/dvnoticias.com.mx\/?p=2776"},"modified":"2025-05-24T20:19:28","modified_gmt":"2025-05-24T20:19:28","slug":"prepara-turismo-corredor-gastronomico-interejidal","status":"publish","type":"post","link":"https:\/\/dvnoticias.com.mx\/index.php\/2025\/05\/18\/prepara-turismo-corredor-gastronomico-interejidal\/","title":{"rendered":"Prepara Turismo corredor gastron\u00f3mico interejidal"},"content":{"rendered":"<p>Ciudad Victoria, Tamaulipas.- Catorce establecimientos gastron\u00f3micos son los primeros en integrarse a la Ruta Gastron\u00f3mica Interejidal, como parte de las estrategias del Gobierno de Tamaulipas para ampliar la oferta tur\u00edstica en comunidades rurales de la entidad.<\/p>\n<p>Benjam\u00edn Hern\u00e1ndez Rodr\u00edguez, secretario de Turismo en Tamaulipas expuso que en la administraci\u00f3n del gobernador Am\u00e9rico Villarreal Anaya se trabaja para fortalecer la oferta tur\u00edstica del estado.<\/p>\n<p>\u201cAdem\u00e1s de los segmentos tradicionales de sol y playa, se impulsa el desarrollo de otros productos tur\u00edsticos, como el turismo cultural, de aventura, reuniones, cineg\u00e9tico, deportivo, salud, religioso, y el turismo gastron\u00f3mico, entre otros m\u00e1s \u201d, resalt\u00f3.<\/p>\n<p>El funcionario estatal explic\u00f3 que estas acciones est\u00e1n permitiendo atraer nuevos segmentos de mercado, generar una mayor derrama econ\u00f3mica y reducir la dependencia de un solo tipo de turismo en los municipios.<\/p>\n<p>El corredor gastron\u00f3mico contempla espacios distribuidos en los municipios de Ocampo, Gonz\u00e1lez, Mante, Aldama, Soto La Marina y Ciudad Victoria, coment\u00f3.<\/p>\n<p>\u201cDe lo que se trata, es de que el desarrollo del turismo beneficie a todas las comunidades de Tamaulipas, generando oportunidades de empleo, promoviendo el desarrollo de las micros y peque\u00f1as empresas tur\u00edsticas, fortaleciendo la identidad cultural de cada regi\u00f3n\u201d, expres\u00f3.<\/p>\n<p>La Ruta Interejidal representa un nuevo cap\u00edtulo para el turismo en Tamaulipas, un camino que une tradici\u00f3n, naturaleza y desarrollo comunitario, concluy\u00f3.<\/p>\n","protected":false},"excerpt":{"rendered":"<p>Ciudad Victoria, Tamaulipas.- Catorce establecimientos gastron\u00f3micos son los primeros en integrarse a la Ruta Gastron\u00f3mica Interejidal, como parte de las estrategias del Gobierno de Tamaulipas para ampliar la oferta tur\u00edstica en comunidades rurales de la entidad. Benjam\u00edn Hern\u00e1ndez Rodr\u00edguez, secretario de Turismo en Tamaulipas expuso que en la administraci\u00f3n del gobernador Am\u00e9rico Villarreal Anaya se [&hellip;]<\/p>\n","protected":false},"author":1,"featured_media":2778,"comment_status":"open","ping_status":"closed","sticky":false,"template":"","format":"standard","meta":{"footnotes":""},"categories":[3],"tags":[],"class_list":["post-2776","post","type-post","status-publish","format-standard","has-post-thumbnail","hentry","category-estatal"],"_links":{"self":[{"href":"https:\/\/dvnoticias.com.mx\/index.php\/wp-json\/wp\/v2\/posts\/2776","targetHints":{"allow":["GET"]}}],"collection":[{"href":"https:\/\/dvnoticias.com.mx\/index.php\/wp-json\/wp\/v2\/posts"}],"about":[{"href":"https:\/\/dvnoticias.com.mx\/index.php\/wp-json\/wp\/v2\/types\/post"}],"author":[{"embeddable":true,"href":"https:\/\/dvnoticias.com.mx\/index.php\/wp-json\/wp\/v2\/users\/1"}],"replies":[{"embeddable":true,"href":"https:\/\/dvnoticias.com.mx\/index.php\/wp-json\/wp\/v2\/comments?post=2776"}],"version-history":[{"count":1,"href":"https:\/\/dvnoticias.com.mx\/index.php\/wp-json\/wp\/v2\/posts\/2776\/revisions"}],"predecessor-version":[{"id":2777,"href":"https:\/\/dvnoticias.com.mx\/index.php\/wp-json\/wp\/v2\/posts\/2776\/revisions\/2777"}],"wp:featuredmedia":[{"embeddable":true,"href":"https:\/\/dvnoticias.com.mx\/index.php\/wp-json\/wp\/v2\/media\/2778"}],"wp:attachment":[{"href":"https:\/\/dvnoticias.com.mx\/index.php\/wp-json\/wp\/v2\/media?parent=2776"}],"wp:term":[{"taxonomy":"category","embeddable":true,"href":"https:\/\/dvnoticias.com.mx\/index.php\/wp-json\/wp\/v2\/categories?post=2776"},{"taxonomy":"post_tag","embeddable":true,"href":"https:\/\/dvnoticias.com.mx\/index.php\/wp-json\/wp\/v2\/tags?post=2776"}],"curies":[{"name":"wp","href":"https:\/\/api.w.org\/{rel}","templated":true}]}}