{"id":2764,"date":"2025-05-23T19:00:25","date_gmt":"2025-05-24T01:00:25","guid":{"rendered":"https:\/\/dvnoticias.com.mx\/?p=2764"},"modified":"2025-05-24T19:18:40","modified_gmt":"2025-05-24T19:18:40","slug":"eligen-a-la-alcaldesa-de-tampico-lic-monica-villarreal-anaya-en-directiva-de-la-asociacion-de-autoridades-locales-de-mexico-ac","status":"publish","type":"post","link":"https:\/\/dvnoticias.com.mx\/index.php\/2025\/05\/23\/eligen-a-la-alcaldesa-de-tampico-lic-monica-villarreal-anaya-en-directiva-de-la-asociacion-de-autoridades-locales-de-mexico-ac\/","title":{"rendered":"Eligen a la Alcaldesa de Tampico, Lic.M\u00f3nica Villarreal Anaya en Directiva de la Asociaci\u00f3n de Autoridades Locales de M\u00e9xico, AC"},"content":{"rendered":"<p>Tampico, Tamaulipas.- Al rendir protesta como Coordinadora Nacional de Desarrollo Econ\u00f3mico\u00a0 de la Asociaci\u00f3n de Autoridades Locales A.C. -AALMAC- en la capital del pa\u00eds, la Alcaldesa de Tampico, M\u00f3nica Villarreal Anaya destac\u00f3 la importancia del organismo en la generaci\u00f3n de proyectos estrat\u00e9gicos de desarrollo municipal.<\/p>\n<p>La jefa edilicia agradeci\u00f3 la Invitaci\u00f3n y distinci\u00f3n de AALMAC para formar parte del comit\u00e9 directivo, y expuso que en Tampico se llevan a cabo proyectos de desarrollo que tienen como prop\u00f3sito elevar la calidad de vida de la ciudadan\u00eda, ya que, dijo, un alto porcentaje de la poblaci\u00f3n vive con carencias.<\/p>\n<p>\u201cEstamos por cumplir ocho meses de administraci\u00f3n y creo que este impulso que podemos hacer en esta asociaci\u00f3n virtuosa en donde se coordinan muchos esfuerzos, va a ser de beneficio para todos. Hoy tomo protesta como coordinadora de desarrollo econ\u00f3mico y quisiera platicarles un poco de las acciones y las actividades que estamos llevando a cabo en nuestro municipio, que a pesar de estar totalmente urbanizado, tiene todav\u00eda marcadas diferencias econ\u00f3micas, y esa desigualdad social nos lastima\u201d, expres\u00f3.<\/p>\n<p>Villarreal Anaya, dijo que su gobierno est\u00e1 comprometido con el desarrollo econ\u00f3mico de los tampique\u00f1os, por lo que dentro de las acciones que se han implementado durante los casi ocho meses de gesti\u00f3n, destaca el apoyo econ\u00f3mico a peque\u00f1os y medianos empresarios; recordando que a trav\u00e9s del Cabildo se aprob\u00f3 una bolsa de diez millones de pesos, que ser\u00e1n incrementados con apoyo de NAFIN a 172 millones que se destinan principalmente\u00a0 a las peque\u00f1as y medianas empresas con cr\u00e9ditos de 500 mil pesos hasta 5 millones de pesos.<\/p>\n<p>Tambi\u00e9n explic\u00f3 el programa de NODES, para las despicadoras, quienes a trav\u00e9s de esta acci\u00f3n pueden crear sus propias cooperativas. Adem\u00e1s dio a conocer la creaci\u00f3n del Mercadito Huasteco donde los emprendedores locales cuentan con un espacio en una zona de alta afluencia, para ofrecer sus productos y servicios.<\/p>\n<p>\u201cTenemos muchas maneras de propiciar y promover lo que tiene que ver con el desarrollo de la econom\u00eda para todos esos emprendedores, brind\u00e1ndoles todas las facilidades y apoyos para que puedan llevar sus negocios no solo de manera local, si no que puedan desarrollarse, en el contexto, nacional e internacional. Estamos participando en la campa\u00f1a federal \u2018Hecho en M\u00e9xico\u2019 y en Tamaulipas tenemos la marca \u2018Hecho en Tamaulipas\u201d, puntualiz\u00f3.<\/p>\n<p>La toma de protesta se llev\u00f3 a cabo dentro de la Sesi\u00f3n de AALMAC, la cual estuvo encabezada por Alma Denisse S\u00e1nchez Barrag\u00e1n, presidenta de la Asociaci\u00f3n; Hermilio P\u00e9rez Cabrera, Director general; y Armando Quintero Mart\u00ednez, Coordinador General del Instituto Nacional para el Federalismo y el Desarrollo Municipal (Inafed).<\/p>\n","protected":false},"excerpt":{"rendered":"<p>Tampico, Tamaulipas.- Al rendir protesta como Coordinadora Nacional de Desarrollo Econ\u00f3mico\u00a0 de la Asociaci\u00f3n de Autoridades Locales A.C. -AALMAC- en la capital del pa\u00eds, la Alcaldesa de Tampico, M\u00f3nica Villarreal Anaya destac\u00f3 la importancia del organismo en la generaci\u00f3n de proyectos estrat\u00e9gicos de desarrollo municipal. La jefa edilicia agradeci\u00f3 la Invitaci\u00f3n y distinci\u00f3n de AALMAC [&hellip;]<\/p>\n","protected":false},"author":1,"featured_media":2766,"comment_status":"open","ping_status":"closed","sticky":false,"template":"","format":"standard","meta":{"footnotes":""},"categories":[9],"tags":[],"class_list":["post-2764","post","type-post","status-publish","format-standard","has-post-thumbnail","hentry","category-zona-conurbada-del-sur"],"_links":{"self":[{"href":"https:\/\/dvnoticias.com.mx\/index.php\/wp-json\/wp\/v2\/posts\/2764","targetHints":{"allow":["GET"]}}],"collection":[{"href":"https:\/\/dvnoticias.com.mx\/index.php\/wp-json\/wp\/v2\/posts"}],"about":[{"href":"https:\/\/dvnoticias.com.mx\/index.php\/wp-json\/wp\/v2\/types\/post"}],"author":[{"embeddable":true,"href":"https:\/\/dvnoticias.com.mx\/index.php\/wp-json\/wp\/v2\/users\/1"}],"replies":[{"embeddable":true,"href":"https:\/\/dvnoticias.com.mx\/index.php\/wp-json\/wp\/v2\/comments?post=2764"}],"version-history":[{"count":1,"href":"https:\/\/dvnoticias.com.mx\/index.php\/wp-json\/wp\/v2\/posts\/2764\/revisions"}],"predecessor-version":[{"id":2765,"href":"https:\/\/dvnoticias.com.mx\/index.php\/wp-json\/wp\/v2\/posts\/2764\/revisions\/2765"}],"wp:featuredmedia":[{"embeddable":true,"href":"https:\/\/dvnoticias.com.mx\/index.php\/wp-json\/wp\/v2\/media\/2766"}],"wp:attachment":[{"href":"https:\/\/dvnoticias.com.mx\/index.php\/wp-json\/wp\/v2\/media?parent=2764"}],"wp:term":[{"taxonomy":"category","embeddable":true,"href":"https:\/\/dvnoticias.com.mx\/index.php\/wp-json\/wp\/v2\/categories?post=2764"},{"taxonomy":"post_tag","embeddable":true,"href":"https:\/\/dvnoticias.com.mx\/index.php\/wp-json\/wp\/v2\/tags?post=2764"}],"curies":[{"name":"wp","href":"https:\/\/api.w.org\/{rel}","templated":true}]}}