{"id":2738,"date":"2025-05-20T19:00:38","date_gmt":"2025-05-21T01:00:38","guid":{"rendered":"https:\/\/dvnoticias.com.mx\/?p=2738"},"modified":"2025-05-24T19:05:23","modified_gmt":"2025-05-24T19:05:23","slug":"bajo-la-marca-hecho-en-mexico-y-hecho-en-tamaulipas-se-impulsa-a-emprendedores-de-tampico-monica-villarreal","status":"publish","type":"post","link":"https:\/\/dvnoticias.com.mx\/index.php\/2025\/05\/20\/bajo-la-marca-hecho-en-mexico-y-hecho-en-tamaulipas-se-impulsa-a-emprendedores-de-tampico-monica-villarreal\/","title":{"rendered":"Bajo la marca \u201cHecho en M\u00e9xico\u201d y \u201cHecho en Tamaulipas\u201d se impulsa a emprendedores de Tampico: M\u00f3nica Villarreal"},"content":{"rendered":"<p>Tampico, Tamaulipas.- M\u00e9xico-Uni\u00f3n Europea\u201c, efectuado en la capital del Estado, la alcaldesa de Tampico, M\u00f3nica Villarreal Anaya, destac\u00f3 el impulso que la Presidenta de la Rep\u00fablica, Dra. Claudia Sheinbaum Pardo, y el Gobernador de Tamaulipas, Dr. Am\u00e9rico Villarreal Anaya dan al desarrollo y crecimiento de los emprendedores nacionales, a trav\u00e9s de la marca \u201cHecho en M\u00e9xico\u201d y \u201cHecho en Tamaulipas\u201d.<\/p>\n<p>Expuso que la visi\u00f3n humanista de la Federaci\u00f3n y del Gobierno del Estado contribuye a generar las oportunidades para que los productores tamaulipecos, y particularmente los de Tampico y la zona conurbada logren nuevos espacios para la promoci\u00f3n y posicionamiento de sus productos y servicios.<\/p>\n<p>\u201cSabemos que nuestra Presidenta la doctora Claudia Sheinbaum est\u00e1 dando un impulso muy grande para desarrollar esta parte econ\u00f3mica, sobre todo de quienes emprenden, de quienes est\u00e1n iniciando negocios y aqu\u00ed en Tamaulipas, fielmente lo interpreta nuestro gobernador, el doctor Am\u00e9rico Villarreal Anaya y bajo la tutela de la Secretaria de Econom\u00eda Ninfa Cant\u00fa, hemos ido de la mano buscando posibilidades para que los emprendedores de Tampico tengan la oportunidad de expandir sus productos y servicios\u201d, expres\u00f3.<\/p>\n<p>Villarreal Anaya, dijo que una de las acciones que se ha desarrollado y fortalecido en su administraci\u00f3n en favor de la econom\u00eda local, es el Mercadito Huasteco, donde de manera mensual se invita a productores locales para que oferten sus productos en un espacio habilitado en la Laguna del Carpintero, y con ello, puedan darse a conocer y escalar su negocio.<\/p>\n<p>Indic\u00f3 que este ejercicio de Gobierno ha integrado a m\u00e1s de 630 peque\u00f1os emprendedores de la localidad, que han encontrado un sitio de oportunidad y desarrollo, pues adem\u00e1s, dijo, se trazan estrategias en coordinaci\u00f3n con el programa \u201cHecho en Tamaulipas\u201d para generar nuevas alternativas de crecimiento.<\/p>\n<p>\u201cTambi\u00e9n estamos haciendo un hermanamiento con la ciudad de Mcallen, lo que nos ha permitido abrir nuevas oportunidades para los productores tampique\u00f1os en el mercado texano; por ejemplo este fin de semana estuvimos en el City Hall de Houston promocionando productos de la zona; y esto, sin duda abona a esa visi\u00f3n que busca dar impulso a la actividad comercial de Tamaulipas\u201d, expuso.<\/p>\n<p>Dijo que para potenciar el alcance de los comerciantes y productores de la localidad, se trabaja en conjunto con el Gobierno del Estado, para que todos aquellos comerciantes que cuenten con la certificaci\u00f3n del programa Hecho en Tamaulipas, accedan de forma autom\u00e1tica al registro \u201cHecho en M\u00e9xico\u201d.<\/p>\n<p>\u201cEstamos comprometidos con procurar otras opciones de desarrollo para que fortalezcamos nuestra regi\u00f3n y sigamos siendo esa capital de la huasteca que siempre nos ha distinguido\u201d, puntualiz\u00f3.<\/p>\n<p>En el seminario se cont\u00f3 con la presencia de la Secretaria de<\/p>\n<p>Econom\u00eda del Gobierno del Estado, Ninfa Cant\u00fa De\u00e1ndar; la Directora General Adjunta de los Servicios de Apoyo del Instituto Mexicano de la Propiedad Industrial -IMPI-,\u00a0 Itzi Guari Hurtado Ba\u00f1uelos,en representaci\u00f3n de su Director General,Dr. Santiago Nieto Castillo; el Jefe de la Secci\u00f3n Econ\u00f3mica y Comercial, Delegaci\u00f3n de la Uni\u00f3n Europea, Jorge Peydro Aznar; el Coordinador general del Corredor Econ\u00f3mico del Bienestar Frontera, H\u00e9ctor Ochoa Moreno; la Directora divisional de Innovaci\u00f3n Comunitaria, Denominaciones de Origen e Indicaciones Geogr\u00e1ficas del IMPI, Tal\u00eda V\u00e1zquez Alatorre; y el Alcalde de Tula, Ren\u00e9 Lara Cisneros, alcalde de Tula, entre otros funcionarios,<\/p>\n","protected":false},"excerpt":{"rendered":"<p>Tampico, Tamaulipas.- M\u00e9xico-Uni\u00f3n Europea\u201c, efectuado en la capital del Estado, la alcaldesa de Tampico, M\u00f3nica Villarreal Anaya, destac\u00f3 el impulso que la Presidenta de la Rep\u00fablica, Dra. Claudia Sheinbaum Pardo, y el Gobernador de Tamaulipas, Dr. Am\u00e9rico Villarreal Anaya dan al desarrollo y crecimiento de los emprendedores nacionales, a trav\u00e9s de la marca \u201cHecho en [&hellip;]<\/p>\n","protected":false},"author":1,"featured_media":2740,"comment_status":"open","ping_status":"closed","sticky":false,"template":"","format":"standard","meta":{"footnotes":""},"categories":[9],"tags":[],"class_list":["post-2738","post","type-post","status-publish","format-standard","has-post-thumbnail","hentry","category-zona-conurbada-del-sur"],"_links":{"self":[{"href":"https:\/\/dvnoticias.com.mx\/index.php\/wp-json\/wp\/v2\/posts\/2738","targetHints":{"allow":["GET"]}}],"collection":[{"href":"https:\/\/dvnoticias.com.mx\/index.php\/wp-json\/wp\/v2\/posts"}],"about":[{"href":"https:\/\/dvnoticias.com.mx\/index.php\/wp-json\/wp\/v2\/types\/post"}],"author":[{"embeddable":true,"href":"https:\/\/dvnoticias.com.mx\/index.php\/wp-json\/wp\/v2\/users\/1"}],"replies":[{"embeddable":true,"href":"https:\/\/dvnoticias.com.mx\/index.php\/wp-json\/wp\/v2\/comments?post=2738"}],"version-history":[{"count":1,"href":"https:\/\/dvnoticias.com.mx\/index.php\/wp-json\/wp\/v2\/posts\/2738\/revisions"}],"predecessor-version":[{"id":2739,"href":"https:\/\/dvnoticias.com.mx\/index.php\/wp-json\/wp\/v2\/posts\/2738\/revisions\/2739"}],"wp:featuredmedia":[{"embeddable":true,"href":"https:\/\/dvnoticias.com.mx\/index.php\/wp-json\/wp\/v2\/media\/2740"}],"wp:attachment":[{"href":"https:\/\/dvnoticias.com.mx\/index.php\/wp-json\/wp\/v2\/media?parent=2738"}],"wp:term":[{"taxonomy":"category","embeddable":true,"href":"https:\/\/dvnoticias.com.mx\/index.php\/wp-json\/wp\/v2\/categories?post=2738"},{"taxonomy":"post_tag","embeddable":true,"href":"https:\/\/dvnoticias.com.mx\/index.php\/wp-json\/wp\/v2\/tags?post=2738"}],"curies":[{"name":"wp","href":"https:\/\/api.w.org\/{rel}","templated":true}]}}