{"id":2711,"date":"2025-05-18T19:00:53","date_gmt":"2025-05-19T01:00:53","guid":{"rendered":"https:\/\/dvnoticias.com.mx\/?p=2711"},"modified":"2025-05-19T20:26:08","modified_gmt":"2025-05-19T20:26:08","slug":"implementa-dif-tampico-programas-de-inclusion-y-apoyo-a-la-comunidad-sorda","status":"publish","type":"post","link":"https:\/\/dvnoticias.com.mx\/index.php\/2025\/05\/18\/implementa-dif-tampico-programas-de-inclusion-y-apoyo-a-la-comunidad-sorda\/","title":{"rendered":"Implementa DIF Tampico Programas de Inclusi\u00f3n y Apoyo a la Comunidad Sorda"},"content":{"rendered":"<p>Tampico, Tamaulipas.- De acuerdo con informaci\u00f3n del Instituto Nacional de Estad\u00edstica y Geograf\u00eda (INEGI), en M\u00e9xico hay dos millones de personas sordas; de ah\u00ed, el inter\u00e9s del Sistema DIF Tampico por visibilizar este padecimiento y construir una sociedad m\u00e1s inclusiva, asegur\u00f3 la titular del organismo, Dra. Luz Adriana Villarreal Anaya.<\/p>\n<p>Indic\u00f3 que una muestra clara de las acciones emprendidas por la dependencia, es la implementaci\u00f3n de cursos y talleres para el aprendizaje de la Lengua de Se\u00f1as Mexicana dirigidos a todo el personal del organismo y a funcionarios p\u00fablicos.<\/p>\n<p>Subray\u00f3 que una de las opciones para consolidar a Tampico como sociedad inclusiva, es respaldar a la comunidad sorda a trav\u00e9s de la defensa de sus derechos, la promoci\u00f3n de la inclusi\u00f3n y la sensibilizaci\u00f3n sobre su cultura y lengua de se\u00f1as.<\/p>\n<p>\u00abDesde el Sistema DIF tenemos un inter\u00e9s genuino de lograr una sociedad que incluya a esta comunidad, que la respalde y la entienda, esto implica garantizar el acceso a una educaci\u00f3n inclusiva, facilitar la comunicaci\u00f3n, y promover espacios laborales y de ocio adaptados a sus necesidades.\u00bb, expres\u00f3.<\/p>\n<p>Villarreal Anaya, expuso que la actual administraci\u00f3n ha dado un paso muy importante, visibilizando el padecimiento y aprendiendo Lengua de Se\u00f1as Mexicanas, para poder brindar a trav\u00e9s de las diferentes dependencias del Municipio y del DIF una atenci\u00f3n inclusiva e integral.<\/p>\n<p>\u00abHace dos meses asumi\u00f3 el reto de aprender Lengua de Se\u00f1as Mexicana para mejorar la comunicaci\u00f3n y compartir experiencias con la comunidad sorda y hoy un importante grupo de servidores p\u00fablicos, est\u00e1n tomando el curso\u201d, enfatiz\u00f3.<\/p>\n<p>Finalmente, la Presidenta del DIF en Tampico, refrend\u00f3 el compromiso de seguir trabajando por la inclusi\u00f3n de esta comunidad en la sociedad y fomentar el inter\u00e9s en que m\u00e1s personas se unan a aprender la Lengua de Se\u00f1as Mexicana.<\/p>\n","protected":false},"excerpt":{"rendered":"<p>Tampico, Tamaulipas.- De acuerdo con informaci\u00f3n del Instituto Nacional de Estad\u00edstica y Geograf\u00eda (INEGI), en M\u00e9xico hay dos millones de personas sordas; de ah\u00ed, el inter\u00e9s del Sistema DIF Tampico por visibilizar este padecimiento y construir una sociedad m\u00e1s inclusiva, asegur\u00f3 la titular del organismo, Dra. Luz Adriana Villarreal Anaya. Indic\u00f3 que una muestra clara [&hellip;]<\/p>\n","protected":false},"author":1,"featured_media":2713,"comment_status":"open","ping_status":"closed","sticky":false,"template":"","format":"standard","meta":{"footnotes":""},"categories":[9],"tags":[],"class_list":["post-2711","post","type-post","status-publish","format-standard","has-post-thumbnail","hentry","category-zona-conurbada-del-sur"],"_links":{"self":[{"href":"https:\/\/dvnoticias.com.mx\/index.php\/wp-json\/wp\/v2\/posts\/2711","targetHints":{"allow":["GET"]}}],"collection":[{"href":"https:\/\/dvnoticias.com.mx\/index.php\/wp-json\/wp\/v2\/posts"}],"about":[{"href":"https:\/\/dvnoticias.com.mx\/index.php\/wp-json\/wp\/v2\/types\/post"}],"author":[{"embeddable":true,"href":"https:\/\/dvnoticias.com.mx\/index.php\/wp-json\/wp\/v2\/users\/1"}],"replies":[{"embeddable":true,"href":"https:\/\/dvnoticias.com.mx\/index.php\/wp-json\/wp\/v2\/comments?post=2711"}],"version-history":[{"count":1,"href":"https:\/\/dvnoticias.com.mx\/index.php\/wp-json\/wp\/v2\/posts\/2711\/revisions"}],"predecessor-version":[{"id":2712,"href":"https:\/\/dvnoticias.com.mx\/index.php\/wp-json\/wp\/v2\/posts\/2711\/revisions\/2712"}],"wp:featuredmedia":[{"embeddable":true,"href":"https:\/\/dvnoticias.com.mx\/index.php\/wp-json\/wp\/v2\/media\/2713"}],"wp:attachment":[{"href":"https:\/\/dvnoticias.com.mx\/index.php\/wp-json\/wp\/v2\/media?parent=2711"}],"wp:term":[{"taxonomy":"category","embeddable":true,"href":"https:\/\/dvnoticias.com.mx\/index.php\/wp-json\/wp\/v2\/categories?post=2711"},{"taxonomy":"post_tag","embeddable":true,"href":"https:\/\/dvnoticias.com.mx\/index.php\/wp-json\/wp\/v2\/tags?post=2711"}],"curies":[{"name":"wp","href":"https:\/\/api.w.org\/{rel}","templated":true}]}}