{"id":2687,"date":"2025-05-16T18:00:44","date_gmt":"2025-05-17T00:00:44","guid":{"rendered":"https:\/\/dvnoticias.com.mx\/?p=2687"},"modified":"2025-05-19T20:14:26","modified_gmt":"2025-05-19T20:14:26","slug":"convoca-dif-tamaulipas-a-participar-en-la-beca-tamaulipas-te-agradece","status":"publish","type":"post","link":"https:\/\/dvnoticias.com.mx\/index.php\/2025\/05\/16\/convoca-dif-tamaulipas-a-participar-en-la-beca-tamaulipas-te-agradece\/","title":{"rendered":"Convoca DIF Tamaulipas a participar en la beca \u201cTamaulipas te agradece\u201d"},"content":{"rendered":"<p>Ciudad Victoria, Tamaulipas.- El Sistema para el Desarrollo Integral de la Familia de Tamaulipas, presidido por la doctora Mar\u00eda de Villarreal, a trav\u00e9s de la Direcci\u00f3n de Fortalecimiento Familiar, invita a la juventud tamaulipeca a participar en la convocatoria de la beca \u201cTamaulipas te agradece\u201d.<\/p>\n<p>Esta beca est\u00e1 dirigida a j\u00f3venes tamaulipecos de entre 15 y 22 a\u00f1os 11 meses de edad que a\u00fan no hayan concluido sus estudios de educaci\u00f3n media superior o superior.<\/p>\n<p>El apoyo consiste en un est\u00edmulo econ\u00f3mico para impulsar a j\u00f3venes en situaci\u00f3n econ\u00f3mica desfavorable, que est\u00e9n inscritos en alguna instituci\u00f3n educativa y que, al mismo tiempo, se distingan como agentes de cambio social, con liderazgo y compromiso con el desarrollo de su comunidad.<\/p>\n<p>Las personas interesadas deber\u00e1n registrarse en l\u00ednea a trav\u00e9s del sitio web: <a href=\"https:\/\/tamaulipasteagradece.diftamaulipas.online\/\">https:\/\/tamaulipasteagradece.diftamaulipas.online<\/a>, donde podr\u00e1n iniciar su proceso de inscripci\u00f3n, completar la encuesta socioecon\u00f3mica y proporcionar sus datos de contacto.<\/p>\n<p>De entre todos los participantes registrados, se seleccionar\u00e1 a 200 j\u00f3venes que cumplan con todos los requisitos, presenten la documentaci\u00f3n correspondiente en tiempo y forma, y tengan un promedio m\u00ednimo de 8 en su nivel educativo actual.<\/p>\n<p>Con esta iniciativa, los Mensajeros de Paz contin\u00faan promoviendo el desarrollo de la juventud tamaulipeca, para que sigan con sus estudios y, junto a sus familias, mejoren su calidad de vida y consoliden un futuro con humanismo y sensibilidad<\/p>\n","protected":false},"excerpt":{"rendered":"<p>Ciudad Victoria, Tamaulipas.- El Sistema para el Desarrollo Integral de la Familia de Tamaulipas, presidido por la doctora Mar\u00eda de Villarreal, a trav\u00e9s de la Direcci\u00f3n de Fortalecimiento Familiar, invita a la juventud tamaulipeca a participar en la convocatoria de la beca \u201cTamaulipas te agradece\u201d. Esta beca est\u00e1 dirigida a j\u00f3venes tamaulipecos de entre 15 [&hellip;]<\/p>\n","protected":false},"author":1,"featured_media":2689,"comment_status":"open","ping_status":"closed","sticky":false,"template":"","format":"standard","meta":{"footnotes":""},"categories":[3],"tags":[],"class_list":["post-2687","post","type-post","status-publish","format-standard","has-post-thumbnail","hentry","category-estatal"],"_links":{"self":[{"href":"https:\/\/dvnoticias.com.mx\/index.php\/wp-json\/wp\/v2\/posts\/2687","targetHints":{"allow":["GET"]}}],"collection":[{"href":"https:\/\/dvnoticias.com.mx\/index.php\/wp-json\/wp\/v2\/posts"}],"about":[{"href":"https:\/\/dvnoticias.com.mx\/index.php\/wp-json\/wp\/v2\/types\/post"}],"author":[{"embeddable":true,"href":"https:\/\/dvnoticias.com.mx\/index.php\/wp-json\/wp\/v2\/users\/1"}],"replies":[{"embeddable":true,"href":"https:\/\/dvnoticias.com.mx\/index.php\/wp-json\/wp\/v2\/comments?post=2687"}],"version-history":[{"count":1,"href":"https:\/\/dvnoticias.com.mx\/index.php\/wp-json\/wp\/v2\/posts\/2687\/revisions"}],"predecessor-version":[{"id":2688,"href":"https:\/\/dvnoticias.com.mx\/index.php\/wp-json\/wp\/v2\/posts\/2687\/revisions\/2688"}],"wp:featuredmedia":[{"embeddable":true,"href":"https:\/\/dvnoticias.com.mx\/index.php\/wp-json\/wp\/v2\/media\/2689"}],"wp:attachment":[{"href":"https:\/\/dvnoticias.com.mx\/index.php\/wp-json\/wp\/v2\/media?parent=2687"}],"wp:term":[{"taxonomy":"category","embeddable":true,"href":"https:\/\/dvnoticias.com.mx\/index.php\/wp-json\/wp\/v2\/categories?post=2687"},{"taxonomy":"post_tag","embeddable":true,"href":"https:\/\/dvnoticias.com.mx\/index.php\/wp-json\/wp\/v2\/tags?post=2687"}],"curies":[{"name":"wp","href":"https:\/\/api.w.org\/{rel}","templated":true}]}}