{"id":2678,"date":"2025-05-14T19:00:47","date_gmt":"2025-05-15T01:00:47","guid":{"rendered":"https:\/\/dvnoticias.com.mx\/?p=2678"},"modified":"2025-05-19T20:09:55","modified_gmt":"2025-05-19T20:09:55","slug":"en-tampico-la-salud-es-el-eje-central-del-gobierno-monica-villarreal","status":"publish","type":"post","link":"https:\/\/dvnoticias.com.mx\/index.php\/2025\/05\/14\/en-tampico-la-salud-es-el-eje-central-del-gobierno-monica-villarreal\/","title":{"rendered":"En Tampico la Salud es el Eje Central del Gobierno: M\u00f3nica Villarreal"},"content":{"rendered":"<p>Tampico, Tamaulipas.- En Tampico la salud es el eje central de toda acci\u00f3n de gobierno, por ello hoy\u00a0 nos sumamos a este esfuerzo con plena convicci\u00f3n de seguir construyendo un municipio saludable, asegur\u00f3 la alcaldesa M\u00f3nica Villarreal Anaya durante su intervenci\u00f3n en la apertura del Primer Congreso Internacional de Salud, efectuado este mi\u00e9rcoles en el Centro de Convenciones Expo Tampico.<\/p>\n<p>En el acto, inaugurado por el Gobernador de Tamaulipas, Dr. Am\u00e9rico Villarreal Anaya, la edil porte\u00f1a sostuvo que siguiendo las iniciativas planteadas por la Presidenta de la Rep\u00fablica, Dra. Claudia Sheinbaum Pardo y fortalecidas en la entidad por el jefe del ejecutivo, en Tampico se han ampliado los programas de atenci\u00f3n a la salud de la poblaci\u00f3n, garantizando el acceso a nuevos esquemas de protecci\u00f3n y prevenci\u00f3n de enfermedades.<\/p>\n<p>\u201cEl prop\u00f3sito de este encuentro es avanzar hacia un sistema de salud integral\u00a0 y profundamente humanista; y en este contexto en nuestro municipio implementamos el programa Tampico Ciudad de Salud, una estrategia transversal e incluyente que involucra a diversas dependencias municipales, abarcando los renglones de salud, educaci\u00f3n, deporte y bienestar en un programa de largo plazo y de visi\u00f3n integral\u201d, expres\u00f3.<\/p>\n<p>M\u00f3nica Villarreal expuso que, a trav\u00e9s de este programa se apuesta a la prevenci\u00f3n, educaci\u00f3n, a la recreaci\u00f3n y a la alimentaci\u00f3n saludable como v\u00edas para formar una cultura del autocuidado, \u201cporque la salud no se ve como algo individual, sino como parte de la forma de vivir de una comunidad\u201d.<\/p>\n<p>La primera autoridad, dijo que se trata de una estrategia que refleja el esp\u00edritu del gobierno humanista, sensible, cercano a la gente y comprometido con el bienestar de las familias tampique\u00f1as.<\/p>\n<p>\u201cLa idea de este programa es que sea de largo plazo, permanente y con la participaci\u00f3n de todas las \u00e1reas de gobierno de nuestro municipio. En un estado y un municipio en donde las enfermedades del coraz\u00f3n, la diabetes mellitus, los tumores malignos, las infecciones respiratorias, el dengue, los padecimientos gastrointestinales, as\u00ed como los cardiovasculares, encabezan el \u00edndice de morbilidad, la prevenci\u00f3n desde todos los \u00e1mbitos es fundamental\u201d, puntualiz\u00f3.<\/p>\n<p>En la ceremonia de inauguraci\u00f3n, el Gobernador del Estado, Dr. Am\u00e9rico Villarreal y la alcaldesa de Tampico, M\u00f3nica Villarreal Anaya, llevaron a cabo la develaci\u00f3n del primer edificio p\u00fablico cardioprotegido Centro de Convenciones y Exposiciones de Tampico, en el cual se contar\u00e1 con desfibriladores externos autom\u00e1ticos (DEA) y personal capacitado para utilizarlos, lo que permite una respuesta r\u00e1pida y eficaz en caso de emergencia card\u00edaca.<\/p>\n<p>&nbsp;<\/p>\n<p>En el evento se cont\u00f3 con la presencia de los alcaldes de Ciudad Madero y Altamira, Erasmo Gonz\u00e1lez Robledo y Armando Mart\u00ednez Manr\u00edquez, respectivamente; el Secretario de Salud y director general del OPD Servicios de Salud de Tamaulipas, Dr. Vicente Joel Hern\u00e1ndez Navarro; el Diputado V\u00edctor Manuel Garc\u00eda Fuentes, presidente de la Comisi\u00f3n de Salud; el Dr.Ernesto Lav\u00edn Hern\u00e1ndez subdelegado del Issste en Tamaulipas; as\u00ed como titulares de salud de los Estados de Hidalgo, Nuevo Le\u00f3n, y Veracruz, entre otros.<\/p>\n","protected":false},"excerpt":{"rendered":"<p>Tampico, Tamaulipas.- En Tampico la salud es el eje central de toda acci\u00f3n de gobierno, por ello hoy\u00a0 nos sumamos a este esfuerzo con plena convicci\u00f3n de seguir construyendo un municipio saludable, asegur\u00f3 la alcaldesa M\u00f3nica Villarreal Anaya durante su intervenci\u00f3n en la apertura del Primer Congreso Internacional de Salud, efectuado este mi\u00e9rcoles en el [&hellip;]<\/p>\n","protected":false},"author":1,"featured_media":2680,"comment_status":"open","ping_status":"closed","sticky":false,"template":"","format":"standard","meta":{"footnotes":""},"categories":[9],"tags":[],"class_list":["post-2678","post","type-post","status-publish","format-standard","has-post-thumbnail","hentry","category-zona-conurbada-del-sur"],"_links":{"self":[{"href":"https:\/\/dvnoticias.com.mx\/index.php\/wp-json\/wp\/v2\/posts\/2678","targetHints":{"allow":["GET"]}}],"collection":[{"href":"https:\/\/dvnoticias.com.mx\/index.php\/wp-json\/wp\/v2\/posts"}],"about":[{"href":"https:\/\/dvnoticias.com.mx\/index.php\/wp-json\/wp\/v2\/types\/post"}],"author":[{"embeddable":true,"href":"https:\/\/dvnoticias.com.mx\/index.php\/wp-json\/wp\/v2\/users\/1"}],"replies":[{"embeddable":true,"href":"https:\/\/dvnoticias.com.mx\/index.php\/wp-json\/wp\/v2\/comments?post=2678"}],"version-history":[{"count":1,"href":"https:\/\/dvnoticias.com.mx\/index.php\/wp-json\/wp\/v2\/posts\/2678\/revisions"}],"predecessor-version":[{"id":2679,"href":"https:\/\/dvnoticias.com.mx\/index.php\/wp-json\/wp\/v2\/posts\/2678\/revisions\/2679"}],"wp:featuredmedia":[{"embeddable":true,"href":"https:\/\/dvnoticias.com.mx\/index.php\/wp-json\/wp\/v2\/media\/2680"}],"wp:attachment":[{"href":"https:\/\/dvnoticias.com.mx\/index.php\/wp-json\/wp\/v2\/media?parent=2678"}],"wp:term":[{"taxonomy":"category","embeddable":true,"href":"https:\/\/dvnoticias.com.mx\/index.php\/wp-json\/wp\/v2\/categories?post=2678"},{"taxonomy":"post_tag","embeddable":true,"href":"https:\/\/dvnoticias.com.mx\/index.php\/wp-json\/wp\/v2\/tags?post=2678"}],"curies":[{"name":"wp","href":"https:\/\/api.w.org\/{rel}","templated":true}]}}