{"id":2654,"date":"2025-05-13T18:10:27","date_gmt":"2025-05-14T00:10:27","guid":{"rendered":"https:\/\/dvnoticias.com.mx\/?p=2654"},"modified":"2025-05-14T15:21:56","modified_gmt":"2025-05-14T15:21:56","slug":"empresarios-y-municipio-ofrecen-800-oportunidades-de-empleo","status":"publish","type":"post","link":"https:\/\/dvnoticias.com.mx\/index.php\/2025\/05\/13\/empresarios-y-municipio-ofrecen-800-oportunidades-de-empleo\/","title":{"rendered":"Empresarios y Municipio ofrecen 800 oportunidades de empleo."},"content":{"rendered":"<p>Cd. Victoria, Tamaulipas.- \u00a0Al reafirmar el compromiso del Gobierno de Victoria con su gente, el presidente municipal Eduardo Gatt\u00e1s B\u00e1ez, encabez\u00f3 la jornada laboral de reclutamiento \u201cEmpleo para Victoria\u201d, en la que se ofertaron 800 oportunidades laborales.<\/p>\n<p>Por medio del presidente de la C\u00e1mara Nacional de Comercio, Federico Gonz\u00e1lez S\u00e1nchez, agradeci\u00f3 la colaboraci\u00f3n de las 24 empresas que generan fuentes de trabajo y dan esperanza y un mejor futuro a qui\u00e9n busca abrirse camino en el \u00e1mbito laboral.<\/p>\n<p>\u201cGracias a la iniciativa privada y al gobernador Am\u00e9rico Villarreal Anaya por contribuir en la construcci\u00f3n de un mejor Victoria, porque un empleo no solo es percibir un salario, es dignidad y tranquilidad en la casa\u201d, dijo Gatt\u00e1s B\u00e1ez ante el grupo de solicitantes.<\/p>\n<p>A nombre de las empresas participantes, San Juanita Mart\u00ednez Vel\u00e1zquez, directora de reclutamiento de AV2 Consultores GNP, agradeci\u00f3 al Gobierno de Victoria por abrir sus puertas y facilitar acercar las oportunidades de empleo a la ciudadan\u00eda.<\/p>\n<p>Durante la jornada, empresas locales ofertaron 220 empleos en asesor\u00eda de ventas, seguros, cobranza, vigilancia, puesto auxiliar, mantenimiento, chofer; as\u00ed como 500 de seguridad p\u00fablica y 100 de movilidad al estado de Nuevo Le\u00f3n.<\/p>\n","protected":false},"excerpt":{"rendered":"<p>Cd. Victoria, Tamaulipas.- \u00a0Al reafirmar el compromiso del Gobierno de Victoria con su gente, el presidente municipal Eduardo Gatt\u00e1s B\u00e1ez, encabez\u00f3 la jornada laboral de reclutamiento \u201cEmpleo para Victoria\u201d, en la que se ofertaron 800 oportunidades laborales. Por medio del presidente de la C\u00e1mara Nacional de Comercio, Federico Gonz\u00e1lez S\u00e1nchez, agradeci\u00f3 la colaboraci\u00f3n de las [&hellip;]<\/p>\n","protected":false},"author":1,"featured_media":2656,"comment_status":"open","ping_status":"closed","sticky":false,"template":"","format":"standard","meta":{"footnotes":""},"categories":[2],"tags":[],"class_list":["post-2654","post","type-post","status-publish","format-standard","has-post-thumbnail","hentry","category-local"],"_links":{"self":[{"href":"https:\/\/dvnoticias.com.mx\/index.php\/wp-json\/wp\/v2\/posts\/2654","targetHints":{"allow":["GET"]}}],"collection":[{"href":"https:\/\/dvnoticias.com.mx\/index.php\/wp-json\/wp\/v2\/posts"}],"about":[{"href":"https:\/\/dvnoticias.com.mx\/index.php\/wp-json\/wp\/v2\/types\/post"}],"author":[{"embeddable":true,"href":"https:\/\/dvnoticias.com.mx\/index.php\/wp-json\/wp\/v2\/users\/1"}],"replies":[{"embeddable":true,"href":"https:\/\/dvnoticias.com.mx\/index.php\/wp-json\/wp\/v2\/comments?post=2654"}],"version-history":[{"count":1,"href":"https:\/\/dvnoticias.com.mx\/index.php\/wp-json\/wp\/v2\/posts\/2654\/revisions"}],"predecessor-version":[{"id":2655,"href":"https:\/\/dvnoticias.com.mx\/index.php\/wp-json\/wp\/v2\/posts\/2654\/revisions\/2655"}],"wp:featuredmedia":[{"embeddable":true,"href":"https:\/\/dvnoticias.com.mx\/index.php\/wp-json\/wp\/v2\/media\/2656"}],"wp:attachment":[{"href":"https:\/\/dvnoticias.com.mx\/index.php\/wp-json\/wp\/v2\/media?parent=2654"}],"wp:term":[{"taxonomy":"category","embeddable":true,"href":"https:\/\/dvnoticias.com.mx\/index.php\/wp-json\/wp\/v2\/categories?post=2654"},{"taxonomy":"post_tag","embeddable":true,"href":"https:\/\/dvnoticias.com.mx\/index.php\/wp-json\/wp\/v2\/tags?post=2654"}],"curies":[{"name":"wp","href":"https:\/\/api.w.org\/{rel}","templated":true}]}}