{"id":2651,"date":"2025-05-13T18:05:47","date_gmt":"2025-05-14T00:05:47","guid":{"rendered":"https:\/\/dvnoticias.com.mx\/?p=2651"},"modified":"2025-05-14T15:19:50","modified_gmt":"2025-05-14T15:19:50","slug":"pleno-legislativo-aprueba-reforma-constitucional-para-extinguir-el-itait","status":"publish","type":"post","link":"https:\/\/dvnoticias.com.mx\/index.php\/2025\/05\/13\/pleno-legislativo-aprueba-reforma-constitucional-para-extinguir-el-itait\/","title":{"rendered":"Pleno Legislativo aprueba reforma constitucional para extinguir el ITAIT"},"content":{"rendered":"<p>Cd. Victoria, Tamaulipas.- El Pleno del Congreso del Estado aprob\u00f3 el dictamen de reforma constitucional que extingue al Instituto de Transparencia, Acceso a la Informaci\u00f3n y Protecci\u00f3n de Datos Personales del Estado de Tamaulipas (ITAIT), transfiriendo sus atribuciones a la Contralor\u00eda Gubernamental del Poder Ejecutivo Estatal.<\/p>\n<p>La medida fue impulsada por el Gobernador del Estado, en el marco de una armonizaci\u00f3n legal con la reforma federal en materia de simplificaci\u00f3n org\u00e1nica.<\/p>\n<p>Durante la exposici\u00f3n de motivos, el Diputado Francisco Hern\u00e1ndez Ni\u00f1o resalt\u00f3 que la acci\u00f3n legislativa forma parte de un esfuerzo mayor por reorganizar la administraci\u00f3n p\u00fablica estatal, conforme a los principios de racionalidad, austeridad, eficiencia y eficacia.<\/p>\n<p>Se\u00f1al\u00f3 que entre los puntos m\u00e1s relevantes del decreto se encuentra la extinci\u00f3n del Instituto de Transparencia, Acceso a la Informaci\u00f3n y Protecci\u00f3n de Datos Personales del Estado de Tamaulipas (ITAIT), cuyas funciones, a partir de la entrada en vigor de la nueva legislaci\u00f3n estatal, ser\u00e1n asumidas por la dependencia del Ejecutivo estatal responsable del control interno, actualmente la Contralor\u00eda Gubernamental.<\/p>\n<p>Las reformas buscan atender lo dispuesto en el decreto federal de simplificaci\u00f3n org\u00e1nica, publicado en diciembre de 2024, que ordena la desaparici\u00f3n del INAI y sus \u00f3rganos estatales hom\u00f3logos, con la finalidad de reducir duplicidades administrativas y concentrar funciones bajo una pol\u00edtica de austeridad y eficiencia gubernamental.<\/p>\n<p>El dictamen tambi\u00e9n dispone que todos los recursos humanos, materiales, financieros y documentales del ITAIT ser\u00e1n transferidos a la dependencia estatal correspondiente, y garantiza el respeto a los derechos laborales del personal actualmente adscrito al instituto.<\/p>\n<p>Hern\u00e1ndez Ni\u00f1o destac\u00f3 que las reformas no afectan los derechos fundamentales de acceso a la informaci\u00f3n ni la protecci\u00f3n de datos personales. Por el contrario, afirmaron que buscan fortalecer estos derechos bajo una estructura administrativa m\u00e1s eficiente, menos costosa y alineada con el nuevo modelo federal de gesti\u00f3n p\u00fablica.<\/p>\n<p>&nbsp;<\/p>\n<p>&nbsp;<\/p>\n<p>&nbsp;<\/p>\n<p>&nbsp;<\/p>\n<p>&nbsp;<\/p>\n<p>&nbsp;<\/p>\n<p>&nbsp;<\/p>\n<p>\u201cEs importante dejar asentado que la acci\u00f3n legislativa no tiene como prop\u00f3sito modificar de manera regresiva las funciones administrativas a cargo del Estado, ni afectar sus prerrogativas, obligaciones o fines constitucionales; mucho menos pretende trastocar o limitar los derechos fundamentales consagrados en la Constituci\u00f3n, como el acceso a la informaci\u00f3n p\u00fablica o la protecci\u00f3n de datos personales. Por el contrario, esta reforma busca fortalecer el ejercicio de las funciones administrativas desde una visi\u00f3n humanista, que compromete al Estado y a sus instituciones a operar con mayor eficiencia y eficacia\u201d, concluy\u00f3.<\/p>\n","protected":false},"excerpt":{"rendered":"<p>Cd. Victoria, Tamaulipas.- El Pleno del Congreso del Estado aprob\u00f3 el dictamen de reforma constitucional que extingue al Instituto de Transparencia, Acceso a la Informaci\u00f3n y Protecci\u00f3n de Datos Personales del Estado de Tamaulipas (ITAIT), transfiriendo sus atribuciones a la Contralor\u00eda Gubernamental del Poder Ejecutivo Estatal. La medida fue impulsada por el Gobernador del Estado, [&hellip;]<\/p>\n","protected":false},"author":1,"featured_media":2653,"comment_status":"open","ping_status":"closed","sticky":false,"template":"","format":"standard","meta":{"footnotes":""},"categories":[3],"tags":[],"class_list":["post-2651","post","type-post","status-publish","format-standard","has-post-thumbnail","hentry","category-estatal"],"_links":{"self":[{"href":"https:\/\/dvnoticias.com.mx\/index.php\/wp-json\/wp\/v2\/posts\/2651","targetHints":{"allow":["GET"]}}],"collection":[{"href":"https:\/\/dvnoticias.com.mx\/index.php\/wp-json\/wp\/v2\/posts"}],"about":[{"href":"https:\/\/dvnoticias.com.mx\/index.php\/wp-json\/wp\/v2\/types\/post"}],"author":[{"embeddable":true,"href":"https:\/\/dvnoticias.com.mx\/index.php\/wp-json\/wp\/v2\/users\/1"}],"replies":[{"embeddable":true,"href":"https:\/\/dvnoticias.com.mx\/index.php\/wp-json\/wp\/v2\/comments?post=2651"}],"version-history":[{"count":1,"href":"https:\/\/dvnoticias.com.mx\/index.php\/wp-json\/wp\/v2\/posts\/2651\/revisions"}],"predecessor-version":[{"id":2652,"href":"https:\/\/dvnoticias.com.mx\/index.php\/wp-json\/wp\/v2\/posts\/2651\/revisions\/2652"}],"wp:featuredmedia":[{"embeddable":true,"href":"https:\/\/dvnoticias.com.mx\/index.php\/wp-json\/wp\/v2\/media\/2653"}],"wp:attachment":[{"href":"https:\/\/dvnoticias.com.mx\/index.php\/wp-json\/wp\/v2\/media?parent=2651"}],"wp:term":[{"taxonomy":"category","embeddable":true,"href":"https:\/\/dvnoticias.com.mx\/index.php\/wp-json\/wp\/v2\/categories?post=2651"},{"taxonomy":"post_tag","embeddable":true,"href":"https:\/\/dvnoticias.com.mx\/index.php\/wp-json\/wp\/v2\/tags?post=2651"}],"curies":[{"name":"wp","href":"https:\/\/api.w.org\/{rel}","templated":true}]}}