{"id":2643,"date":"2025-05-13T09:13:15","date_gmt":"2025-05-13T15:13:15","guid":{"rendered":"https:\/\/dvnoticias.com.mx\/?p=2643"},"modified":"2025-05-14T15:14:26","modified_gmt":"2025-05-14T15:14:26","slug":"los-hechos-24","status":"publish","type":"post","link":"https:\/\/dvnoticias.com.mx\/index.php\/2025\/05\/13\/los-hechos-24\/","title":{"rendered":"LOS HECHOS"},"content":{"rendered":"<p>POR Jos\u00e9 In\u00e9s Figueroa Vitela<\/p>\n<p>&nbsp;<\/p>\n<p>CORAZONES BLANCOS<\/p>\n<p>&nbsp;<\/p>\n<p>Las cifras nos apasionan.<\/p>\n<p>Constantemente hablamos de n\u00fameros, en presupuestos invertidos, kil\u00f3metros pavimentados, metros cuadrados construidos, otros lineales de redes tendidas de tubo y cable, litros de agua recuperados.<\/p>\n<p>La obra p\u00fablica construida es el referente constante, para hablar de los alcances de una gesti\u00f3n gubernamental actuante, y en las comparaciones respecto de las que ya pasaron, as\u00ed como en las remembranzas.<\/p>\n<p>Ahora las pol\u00edticas p\u00fablicas sociales, tambi\u00e9n se remiten a los momios de tantos sujetos alcanzados, por tantos apoyos, con tanta derrama econ\u00f3mica.<\/p>\n<p>Pero las decisiones de pol\u00edtica de un gobierno se pierden, en el amplio abanico de posibilidades, vueltas verdad, al paso de cada gesti\u00f3n gubernamental.<\/p>\n<p>De este apartado se trat\u00f3 la reminiscencia, ayer, de cara a la celebraci\u00f3n de la ceremonia semanal de honores a los s\u00edmbolos patrios, encabezada por el Gobernador AM\u00c9RICO VILLARREAL ANAYA.<\/p>\n<p>El festejo por el D\u00eda Internacional de la Enfermera -tradicionalmente celebrado en lo nacional a inicios de a\u00f1o-, fue ocasi\u00f3n para que el Mandatario Estatal y el responsable del \u00e1rea, ponderaran el oficio de las y los principales elementos de apoyo al ejercicio de la medicina.<\/p>\n<p>No en balde el Gobernador del Estado es doctor de profesi\u00f3n, con especialidad en cardiolog\u00eda y Medicina Interna.<\/p>\n<p>Tan se ha valorado en este sexenio la enfermer\u00eda, que se cre\u00f3 una subsecretar\u00eda particular dentro de la estructura org\u00e1nica de la Secretar\u00eda de Salud del Estado y ya no son consideradas como auxiliares, sino como aut\u00e9nticas profesionales de la salud, lo que hasta hace poco se reduc\u00eda a los galenos de grado.<\/p>\n<p>Una primicia que va m\u00e1s all\u00e1 del orgullo personal, la presunci\u00f3n o el alarde; una consideraci\u00f3n que alcanza en lo personal, para las y los involucrados impacto en sus retribuciones y por extensi\u00f3n, en su calidad de vida.<\/p>\n<p>Pero que adem\u00e1s, abona a la otra decisi\u00f3n de pol\u00edtica emanada del gobierno actuante, para que la atenci\u00f3n a la salud p\u00fablica alcance, adem\u00e1s de los niveles de calidad, la calidez aspirada por tanto tiempo.<\/p>\n<p>Un elemento en el que la atenci\u00f3n m\u00e9dica en forma integral es hoy referente, pero que se extiende a los otros frentes del servicio p\u00fablico, por donde la convocatoria, con el ejemplo, igual sigue haciendo camino al andar.<\/p>\n<p>Ayer tuve la oportunidad de acudir a un tr\u00e1mite en la Oficial\u00eda del Registro Civil, contigua a la Direcci\u00f3n Central de esa instituci\u00f3n.<\/p>\n<p>Fui testigo directo y conoc\u00ed otras referencias de quienes por ah\u00ed coincidimos, precisamente respecto de la amabilidad y disposici\u00f3n con la que el personal atiende a la ciudadan\u00eda que acude al lugar.<\/p>\n<p>La titular de la oficina, la reconocida comunic\u00f3loga C\u00c1RMEN SANCHEZ, personalmente sale al mostrador y se involucra en los tr\u00e1mites y atenci\u00f3n a la ciudadan\u00eda, apoyando a sus eficientes colaboradoras y colaboradores.<\/p>\n<p>Es la reacci\u00f3n a un liderazgo y a un convocatoria que emana del propio Gobernador AM\u00c9RICO, cuya obra f\u00edsica ya trasciende por sobre sus antecesores, pero en su don de gentes, contagia e incita a la mejora constante en la atenci\u00f3n a los tamaulipecos.<\/p>\n<p>En general, esa es la evoluci\u00f3n que estamos viendo desde el m\u00e1s humilde de los servidores p\u00fablicos, hasta la c\u00fapula del gobierno estatal.<\/p>\n<p>Eventualmente, luego habr\u00e1 excepciones que confirmen la regla, pero se tratar\u00e1, siempre, de los menos, despistados, infiltrados, perdidos, cuya mella no impactar\u00e1 de manera significativa en la oferta universal del servicio p\u00fablico estatal.<\/p>\n<p>En su caso, cada cual responder\u00e1 a las consecuencias de sus hechos y los m\u00e1s, de los menos, se decantar\u00e1n por selecci\u00f3n natural, para ir a parar con los de su cala\u00f1a.<\/p>\n<p>Veremos y diremos.<\/p>\n<p>La convocatoria a los artistas y creadores tamaulipecos, para ser parte de la oferta del Festival Internacional Cultural en la Costa del Seno Mexicano, es otro acierto del ITCA, de Bienestar y del Gobierno estatal.<\/p>\n<p>El disfrute de propios y extra\u00f1os, este a\u00f1o adem\u00e1s ser\u00e1 escaparate para que los tamaulipecos expongan su talento, entre los prestigiados artistas venidos de otros estados y pa\u00edses en la gran fiesta del arte.<\/p>\n<p>Enhorabuena.<\/p>\n<p>Las inscripciones est\u00e1n abiertas y es el tiempo de aprovechar para quienes tienen algo que ofrecer al p\u00fablico, de su creaci\u00f3n art\u00edstica.<\/p>\n<p>Luego, el aprovechamiento ser\u00e1 general, cuando corra el festival y todos tengamos la oportunidad de deleitarnos con esas exposiciones del arte, en todas sus expresiones.<\/p>\n","protected":false},"excerpt":{"rendered":"<p>POR Jos\u00e9 In\u00e9s Figueroa Vitela &nbsp; CORAZONES BLANCOS &nbsp; Las cifras nos apasionan. Constantemente hablamos de n\u00fameros, en presupuestos invertidos, kil\u00f3metros pavimentados, metros cuadrados construidos, otros lineales de redes tendidas de tubo y cable, litros de agua recuperados. La obra p\u00fablica construida es el referente constante, para hablar de los alcances de una gesti\u00f3n gubernamental [&hellip;]<\/p>\n","protected":false},"author":1,"featured_media":367,"comment_status":"open","ping_status":"closed","sticky":false,"template":"","format":"standard","meta":{"footnotes":""},"categories":[10],"tags":[],"class_list":["post-2643","post","type-post","status-publish","format-standard","has-post-thumbnail","hentry","category-columnistas"],"_links":{"self":[{"href":"https:\/\/dvnoticias.com.mx\/index.php\/wp-json\/wp\/v2\/posts\/2643","targetHints":{"allow":["GET"]}}],"collection":[{"href":"https:\/\/dvnoticias.com.mx\/index.php\/wp-json\/wp\/v2\/posts"}],"about":[{"href":"https:\/\/dvnoticias.com.mx\/index.php\/wp-json\/wp\/v2\/types\/post"}],"author":[{"embeddable":true,"href":"https:\/\/dvnoticias.com.mx\/index.php\/wp-json\/wp\/v2\/users\/1"}],"replies":[{"embeddable":true,"href":"https:\/\/dvnoticias.com.mx\/index.php\/wp-json\/wp\/v2\/comments?post=2643"}],"version-history":[{"count":1,"href":"https:\/\/dvnoticias.com.mx\/index.php\/wp-json\/wp\/v2\/posts\/2643\/revisions"}],"predecessor-version":[{"id":2644,"href":"https:\/\/dvnoticias.com.mx\/index.php\/wp-json\/wp\/v2\/posts\/2643\/revisions\/2644"}],"wp:featuredmedia":[{"embeddable":true,"href":"https:\/\/dvnoticias.com.mx\/index.php\/wp-json\/wp\/v2\/media\/367"}],"wp:attachment":[{"href":"https:\/\/dvnoticias.com.mx\/index.php\/wp-json\/wp\/v2\/media?parent=2643"}],"wp:term":[{"taxonomy":"category","embeddable":true,"href":"https:\/\/dvnoticias.com.mx\/index.php\/wp-json\/wp\/v2\/categories?post=2643"},{"taxonomy":"post_tag","embeddable":true,"href":"https:\/\/dvnoticias.com.mx\/index.php\/wp-json\/wp\/v2\/tags?post=2643"}],"curies":[{"name":"wp","href":"https:\/\/api.w.org\/{rel}","templated":true}]}}