{"id":2636,"date":"2025-05-12T19:00:53","date_gmt":"2025-05-13T01:00:53","guid":{"rendered":"https:\/\/dvnoticias.com.mx\/?p=2636"},"modified":"2025-05-13T18:35:08","modified_gmt":"2025-05-13T18:35:08","slug":"mas-de-4-mil-docentes-fueron-festejados-en-tampico","status":"publish","type":"post","link":"https:\/\/dvnoticias.com.mx\/index.php\/2025\/05\/12\/mas-de-4-mil-docentes-fueron-festejados-en-tampico\/","title":{"rendered":"M\u00e1s de 4 Mil Docentes Fueron Festejados en Tampico"},"content":{"rendered":"<p>Tampico, Tamaulipas.- La Presidenta municipal de Tampico, M\u00f3nica Villarreal Anaya reconoci\u00f3 la labor que realizan los trabajadores de la educaci\u00f3n en la formaci\u00f3n de mejores alumnos y en la construcci\u00f3n de una sociedad m\u00e1s justa, inclusiva y preparada.<\/p>\n<p>Durante la celebraci\u00f3n del d\u00eda del maestro efectuada en el centro de convenciones Expo, Tampico, ante m\u00e1s de 4 mil docentes, la alcaldesa porte\u00f1a, acompa\u00f1ada de s\u00edndicos y regidores, as\u00ed como del Secretario de Asuntos Jur\u00eddicos de la Secci\u00f3n 30, Joel Roque Lee, en representaci\u00f3n del Secretario General Prof. Arnulfo Rodr\u00edguez Trevi\u00f1o, subray\u00f3 que las maestras y maestros que laboran en los diferentes planteles del municipio, sobresalen por su vocaci\u00f3n, calidad, compromiso y capacitaci\u00f3n constante.<\/p>\n<p>\u00abMe da mucho gusto celebrar con ustedes una fecha tan importante como es el D\u00eda del Maestro y por supuesto de la Maestra,\u00a0 adem\u00e1s de la excelente convocatoria a este festejo que planeamos con mucho amor para ustedes y que quisimos fuera antes del\u00a0 15 de Mayo, como muestra del reconocimiento al gran trabajo que hacen todos los d\u00edas\u00bb.<\/p>\n<p>M\u00f3nica Villarreal resalt\u00f3 que su administraci\u00f3n organiz\u00f3 este encuentro como un gesto a la destacada labor del magisterio y precis\u00f3 que su Cabildo est\u00e1 conformado en gran medida por profesionistas, entre ellos seis profesores que est\u00e1n para servirles y atender cualquier gesti\u00f3n.<\/p>\n<p>\u00abLes reconocemos su entrega por construir un Tampico mejor y por\u00a0 construir en cada una de esas familias, los cimientos del desarrollo de nuestro municipio. Porque dentro de las aulas ustedes son los que imprimen en cada mente y en cada coraz\u00f3n el amor a la patria, el amor al deber ser y hacer las cosas de la mejor manera, a estudiar, investigar y a sobresalir, se\u00f1al\u00f3\u00bb.<\/p>\n<p>Durante la celebraci\u00f3n, los docentes disfrutaron de una alegre convivencia, as\u00ed como la entrega de obsequios y presentes por parte de la administraci\u00f3n municipal.<\/p>\n<p>Villarreal Anaya reiter\u00f3 por \u00faltimo, el compromiso de su gobierno para trabajar en equipo y otorgar las facilidades para\u00a0 generar mejores condiciones de educaci\u00f3n en Tampico.<\/p>\n<p>Al evento asistieron maestros jubilados, as\u00ed como docentes de escuelas p\u00fablicas y particulares.<\/p>\n","protected":false},"excerpt":{"rendered":"<p>Tampico, Tamaulipas.- La Presidenta municipal de Tampico, M\u00f3nica Villarreal Anaya reconoci\u00f3 la labor que realizan los trabajadores de la educaci\u00f3n en la formaci\u00f3n de mejores alumnos y en la construcci\u00f3n de una sociedad m\u00e1s justa, inclusiva y preparada. Durante la celebraci\u00f3n del d\u00eda del maestro efectuada en el centro de convenciones Expo, Tampico, ante m\u00e1s [&hellip;]<\/p>\n","protected":false},"author":1,"featured_media":2638,"comment_status":"open","ping_status":"closed","sticky":false,"template":"","format":"standard","meta":{"footnotes":""},"categories":[9],"tags":[],"class_list":["post-2636","post","type-post","status-publish","format-standard","has-post-thumbnail","hentry","category-zona-conurbada-del-sur"],"_links":{"self":[{"href":"https:\/\/dvnoticias.com.mx\/index.php\/wp-json\/wp\/v2\/posts\/2636","targetHints":{"allow":["GET"]}}],"collection":[{"href":"https:\/\/dvnoticias.com.mx\/index.php\/wp-json\/wp\/v2\/posts"}],"about":[{"href":"https:\/\/dvnoticias.com.mx\/index.php\/wp-json\/wp\/v2\/types\/post"}],"author":[{"embeddable":true,"href":"https:\/\/dvnoticias.com.mx\/index.php\/wp-json\/wp\/v2\/users\/1"}],"replies":[{"embeddable":true,"href":"https:\/\/dvnoticias.com.mx\/index.php\/wp-json\/wp\/v2\/comments?post=2636"}],"version-history":[{"count":1,"href":"https:\/\/dvnoticias.com.mx\/index.php\/wp-json\/wp\/v2\/posts\/2636\/revisions"}],"predecessor-version":[{"id":2637,"href":"https:\/\/dvnoticias.com.mx\/index.php\/wp-json\/wp\/v2\/posts\/2636\/revisions\/2637"}],"wp:featuredmedia":[{"embeddable":true,"href":"https:\/\/dvnoticias.com.mx\/index.php\/wp-json\/wp\/v2\/media\/2638"}],"wp:attachment":[{"href":"https:\/\/dvnoticias.com.mx\/index.php\/wp-json\/wp\/v2\/media?parent=2636"}],"wp:term":[{"taxonomy":"category","embeddable":true,"href":"https:\/\/dvnoticias.com.mx\/index.php\/wp-json\/wp\/v2\/categories?post=2636"},{"taxonomy":"post_tag","embeddable":true,"href":"https:\/\/dvnoticias.com.mx\/index.php\/wp-json\/wp\/v2\/tags?post=2636"}],"curies":[{"name":"wp","href":"https:\/\/api.w.org\/{rel}","templated":true}]}}