{"id":2597,"date":"2025-05-10T19:00:53","date_gmt":"2025-05-11T01:00:53","guid":{"rendered":"https:\/\/dvnoticias.com.mx\/?p=2597"},"modified":"2025-05-13T17:56:09","modified_gmt":"2025-05-13T17:56:09","slug":"participa-guardia-estatal-de-genero-en-jornada-brilla-con-bienestar","status":"publish","type":"post","link":"https:\/\/dvnoticias.com.mx\/index.php\/2025\/05\/10\/participa-guardia-estatal-de-genero-en-jornada-brilla-con-bienestar\/","title":{"rendered":"Participa Guardia Estatal de G\u00e9nero en jornada \u201cBrilla con Bienestar\u201d"},"content":{"rendered":"<p>Matamoros, Tamaulipas.- Atendiendo la convocatoria del Instituto Municipal de la Mujer y la Direcci\u00f3n de Bienestar Social del Ayuntamiento de Matamoros, personal de la Guardia Estatal de G\u00e9nero particip\u00f3 en la Jornada de la Belleza y Amor Propio \u201cBrilla con Bienestar\u201d, celebrada en el poblado \u201cLas Higuerillas\u201d.<\/p>\n<p>Esta actividad llevada a cabo en el marco del D\u00eda de las Madres, congreg\u00f3 a diversas dependencias que acercaron servicios que contribuyen al bienestar de las mujeres que residen en esta comunidad.<\/p>\n<p>Como parte de la Secretar\u00eda de Seguridad P\u00fablica de Tamaulipas (SSPT) la Guardia Estatal de G\u00e9nero dio a conocer sus funciones, adem\u00e1s de brindar orientaci\u00f3n respecto a diferentes tipos de violencia y el exhorto a la denuncia mediante los n\u00fameros 911 y 089.<\/p>\n<p>Algunos de los servicios que integraron esta jornada fueron: m\u00f3dulo de vacunaci\u00f3n; programas sociales; cortes de cabello; maquillaje; laminado y pigmentaci\u00f3n de cejas; asesor\u00edas jur\u00eddicas y psicol\u00f3gicas.<\/p>\n","protected":false},"excerpt":{"rendered":"<p>Matamoros, Tamaulipas.- Atendiendo la convocatoria del Instituto Municipal de la Mujer y la Direcci\u00f3n de Bienestar Social del Ayuntamiento de Matamoros, personal de la Guardia Estatal de G\u00e9nero particip\u00f3 en la Jornada de la Belleza y Amor Propio \u201cBrilla con Bienestar\u201d, celebrada en el poblado \u201cLas Higuerillas\u201d. Esta actividad llevada a cabo en el marco [&hellip;]<\/p>\n","protected":false},"author":1,"featured_media":2599,"comment_status":"open","ping_status":"closed","sticky":false,"template":"","format":"standard","meta":{"footnotes":""},"categories":[3],"tags":[],"class_list":["post-2597","post","type-post","status-publish","format-standard","has-post-thumbnail","hentry","category-estatal"],"_links":{"self":[{"href":"https:\/\/dvnoticias.com.mx\/index.php\/wp-json\/wp\/v2\/posts\/2597","targetHints":{"allow":["GET"]}}],"collection":[{"href":"https:\/\/dvnoticias.com.mx\/index.php\/wp-json\/wp\/v2\/posts"}],"about":[{"href":"https:\/\/dvnoticias.com.mx\/index.php\/wp-json\/wp\/v2\/types\/post"}],"author":[{"embeddable":true,"href":"https:\/\/dvnoticias.com.mx\/index.php\/wp-json\/wp\/v2\/users\/1"}],"replies":[{"embeddable":true,"href":"https:\/\/dvnoticias.com.mx\/index.php\/wp-json\/wp\/v2\/comments?post=2597"}],"version-history":[{"count":1,"href":"https:\/\/dvnoticias.com.mx\/index.php\/wp-json\/wp\/v2\/posts\/2597\/revisions"}],"predecessor-version":[{"id":2598,"href":"https:\/\/dvnoticias.com.mx\/index.php\/wp-json\/wp\/v2\/posts\/2597\/revisions\/2598"}],"wp:featuredmedia":[{"embeddable":true,"href":"https:\/\/dvnoticias.com.mx\/index.php\/wp-json\/wp\/v2\/media\/2599"}],"wp:attachment":[{"href":"https:\/\/dvnoticias.com.mx\/index.php\/wp-json\/wp\/v2\/media?parent=2597"}],"wp:term":[{"taxonomy":"category","embeddable":true,"href":"https:\/\/dvnoticias.com.mx\/index.php\/wp-json\/wp\/v2\/categories?post=2597"},{"taxonomy":"post_tag","embeddable":true,"href":"https:\/\/dvnoticias.com.mx\/index.php\/wp-json\/wp\/v2\/tags?post=2597"}],"curies":[{"name":"wp","href":"https:\/\/api.w.org\/{rel}","templated":true}]}}