{"id":2591,"date":"2025-05-09T18:00:14","date_gmt":"2025-05-10T00:00:14","guid":{"rendered":"https:\/\/dvnoticias.com.mx\/?p=2591"},"modified":"2025-05-13T17:53:26","modified_gmt":"2025-05-13T17:53:26","slug":"atenta-secretaria-de-salud-por-enfermedad-de-manos-pies-y-boca-en-la-poblacion-infantil","status":"publish","type":"post","link":"https:\/\/dvnoticias.com.mx\/index.php\/2025\/05\/09\/atenta-secretaria-de-salud-por-enfermedad-de-manos-pies-y-boca-en-la-poblacion-infantil\/","title":{"rendered":"Atenta Secretar\u00eda de Salud por enfermedad de manos, pies y boca en la poblaci\u00f3n infantil"},"content":{"rendered":"<p>Ciudad Victoria, Tamaulipas.- Ante la presencia de brotes registrados en estados como Puebla por la enfermedad de manos, pies y boca, que afecta principalmente a la poblaci\u00f3n infantil, por su alta vulnerabilidad y el riesgo de complicaciones graves, la Secretar\u00eda de Salud de Tamaulipas, refuerza la vigilancia sanitaria y epidemiol\u00f3gica en el estado para evitar la presencia de brotes.<\/p>\n<p>El titular de la dependencia estatal, Vicente Joel Hern\u00e1ndez Navarro, se\u00f1al\u00f3 que este tipo de padecimientos es provocado por un agente denominado enterovirus y es durante la temporada de calor que suelen presentarse con mayor frecuencia, por ello la importancia de mantener medidas como el lavado de manos con frecuencia, limpiar y desinfectar superficies y objetos como los juguetes, cubrirse al toser o estornudar, as\u00ed como evitar el contacto con personas infectadas.<\/p>\n<p>Dijo que aun y cuando no se ha emitido una alerta epidemiol\u00f3gica en el pa\u00eds, la Organizaci\u00f3n Panamericana de la Salud (OPS) y la Organizaci\u00f3n Mundial de la Salud (OMS) exhort\u00f3 a los pa\u00edses miembros a reforzar la prevenci\u00f3n y control de esta enfermedad, debido a que podr\u00eda estar asociada con complicaciones del sistema nervioso central en las que se incluye la meningitis as\u00e9ptica, encefalitis y par\u00e1lisis fl\u00e1cida aguda.<\/p>\n<p>Destac\u00f3 que por instrucci\u00f3n del gobernador, Am\u00e9rico Villarreal Anaya, se convoc\u00f3 a los intrigantes del Grupo T\u00e9cnico Interinstitucional del Comit\u00e9 Estatal de Vigilancia Epidemiol\u00f3gica, para mantener una vigilancia activa para detectar de manera oportuna la posible ocurrencia de casos y brotes, especialmente en los grupos de riesgo como es la poblaci\u00f3n infantil.<\/p>\n<p>La enfermedad de manos, pies y boca es causada por un agente denominado coxsackievirus y el enterovirus, que se caracteriza por la presencia de erupciones cut\u00e1neas en las palmas de las manos y las plantas de los pies, con o sin m\u00faltiples \u00falceras bucales dolorosas, pero tambi\u00e9n se pueden presentar en gl\u00fateos, rodillas o codos que suelen persistir de 3 a 5 d\u00edas tras el inicio de la enfermedad y se presenta especialmente en ni\u00f1os peque\u00f1os y lactantes.<\/p>\n<p>Por \u00faltimo recomend\u00f3 a los padres, madres, tutores y cuidadores para que lleven al ni\u00f1o o ni\u00f1a a la cl\u00ednica u hospital m\u00e1s cercano si se presentan signos de alarma, entre ellos que no quiera comer o beber, si presenta v\u00f3mitos o somnolencia persistente, espasmos sobresaltados o contracciones musculares breves y fiebre.<\/p>\n","protected":false},"excerpt":{"rendered":"<p>Ciudad Victoria, Tamaulipas.- Ante la presencia de brotes registrados en estados como Puebla por la enfermedad de manos, pies y boca, que afecta principalmente a la poblaci\u00f3n infantil, por su alta vulnerabilidad y el riesgo de complicaciones graves, la Secretar\u00eda de Salud de Tamaulipas, refuerza la vigilancia sanitaria y epidemiol\u00f3gica en el estado para evitar [&hellip;]<\/p>\n","protected":false},"author":1,"featured_media":2593,"comment_status":"open","ping_status":"closed","sticky":false,"template":"","format":"standard","meta":{"footnotes":""},"categories":[3],"tags":[],"class_list":["post-2591","post","type-post","status-publish","format-standard","has-post-thumbnail","hentry","category-estatal"],"_links":{"self":[{"href":"https:\/\/dvnoticias.com.mx\/index.php\/wp-json\/wp\/v2\/posts\/2591","targetHints":{"allow":["GET"]}}],"collection":[{"href":"https:\/\/dvnoticias.com.mx\/index.php\/wp-json\/wp\/v2\/posts"}],"about":[{"href":"https:\/\/dvnoticias.com.mx\/index.php\/wp-json\/wp\/v2\/types\/post"}],"author":[{"embeddable":true,"href":"https:\/\/dvnoticias.com.mx\/index.php\/wp-json\/wp\/v2\/users\/1"}],"replies":[{"embeddable":true,"href":"https:\/\/dvnoticias.com.mx\/index.php\/wp-json\/wp\/v2\/comments?post=2591"}],"version-history":[{"count":1,"href":"https:\/\/dvnoticias.com.mx\/index.php\/wp-json\/wp\/v2\/posts\/2591\/revisions"}],"predecessor-version":[{"id":2592,"href":"https:\/\/dvnoticias.com.mx\/index.php\/wp-json\/wp\/v2\/posts\/2591\/revisions\/2592"}],"wp:featuredmedia":[{"embeddable":true,"href":"https:\/\/dvnoticias.com.mx\/index.php\/wp-json\/wp\/v2\/media\/2593"}],"wp:attachment":[{"href":"https:\/\/dvnoticias.com.mx\/index.php\/wp-json\/wp\/v2\/media?parent=2591"}],"wp:term":[{"taxonomy":"category","embeddable":true,"href":"https:\/\/dvnoticias.com.mx\/index.php\/wp-json\/wp\/v2\/categories?post=2591"},{"taxonomy":"post_tag","embeddable":true,"href":"https:\/\/dvnoticias.com.mx\/index.php\/wp-json\/wp\/v2\/tags?post=2591"}],"curies":[{"name":"wp","href":"https:\/\/api.w.org\/{rel}","templated":true}]}}