{"id":2577,"date":"2025-05-09T18:00:35","date_gmt":"2025-05-09T23:00:35","guid":{"rendered":"https:\/\/dvnoticias.com.mx\/?p=2577"},"modified":"2025-05-11T22:06:57","modified_gmt":"2025-05-11T22:06:57","slug":"extiende-la-uat-invitacion-al-congreso-internacional-de-etica-ciencia-y-educacion","status":"publish","type":"post","link":"https:\/\/dvnoticias.com.mx\/index.php\/2025\/05\/09\/extiende-la-uat-invitacion-al-congreso-internacional-de-etica-ciencia-y-educacion\/","title":{"rendered":"Extiende la UAT invitaci\u00f3n al Congreso Internacional de \u00c9tica, Ciencia y Educaci\u00f3n"},"content":{"rendered":"<p>Cd. Victoria, Tamaulipas.- La Universidad Aut\u00f3noma de Tamaulipas (UAT) invita a toda la comunidad universitaria a participar en el VI Congreso Internacional de \u00c9tica, Ciencia y Educaci\u00f3n de la Universidad Aut\u00f3noma de Coahuila, que se celebrar\u00e1 del 24 al 26 de septiembre de 2025.<\/p>\n<p>Como instituci\u00f3n coorganizadora de este congreso, la UAT hace extensiva la invitaci\u00f3n a este foro interdisciplinario que busca promover una perspectiva plural, abierta y responsable; consolidar sociedades m\u00e1s justas y \u00e9ticas; fortalecer los lazos de colaboraci\u00f3n institucional; y fomentar la investigaci\u00f3n, el di\u00e1logo y la difusi\u00f3n del conocimiento.<\/p>\n<p>Podr\u00e1n participar investigadores, docentes, profesionistas y estudiantes con propuestas en las modalidades de ponencia (presencial o virtual), p\u00f3ster, micro ponencia, taller, presentaci\u00f3n de libros y revistas acad\u00e9micas, y conferencias magistrales.<\/p>\n<p>Los trabajos deber\u00e1n ajustarse a alguna de las siguientes l\u00edneas tem\u00e1ticas: formaci\u00f3n integral y metodolog\u00edas educativas innovadoras ante desaf\u00edos \u00e9ticos en contextos conflictivos; retos y prospectivas \u00e9ticas en el desarrollo sostenible y cient\u00edfico; \u00e9tica de la inteligencia artificial en la educaci\u00f3n, ciencia y comunicaci\u00f3n; quehacer universitario con perspectivas de g\u00e9nero; retos \u00e9ticos en un mundo globalizado e intercultural; y alcances \u00e9ticos en la diversidad sexo gen\u00e9rica, inclusi\u00f3n e igualdad.<\/p>\n<p>Los interesados deber\u00e1n enviar un resumen de su propuesta antes del 16 de mayo de 2025 a trav\u00e9s de la plataforma habilitada en el portal oficial del VI Congreso Internacional de \u00c9tica, Ciencia y Educaci\u00f3n de la Universidad Aut\u00f3noma de Coahuila.<\/p>\n<p>Para m\u00e1s informaci\u00f3n, consultar el portal oficial del evento en http:\/\/www.congresointernacional.uadec.mx y la p\u00e1gina de Facebook \u201cCongreso Internacional \u00c9tica, Ciencia y Educaci\u00f3n\u201d.<\/p>\n","protected":false},"excerpt":{"rendered":"<p>Cd. Victoria, Tamaulipas.- La Universidad Aut\u00f3noma de Tamaulipas (UAT) invita a toda la comunidad universitaria a participar en el VI Congreso Internacional de \u00c9tica, Ciencia y Educaci\u00f3n de la Universidad Aut\u00f3noma de Coahuila, que se celebrar\u00e1 del 24 al 26 de septiembre de 2025. Como instituci\u00f3n coorganizadora de este congreso, la UAT hace extensiva la [&hellip;]<\/p>\n","protected":false},"author":1,"featured_media":2579,"comment_status":"open","ping_status":"closed","sticky":false,"template":"","format":"standard","meta":{"footnotes":""},"categories":[8,7],"tags":[],"class_list":["post-2577","post","type-post","status-publish","format-standard","has-post-thumbnail","hentry","category-uat","category-universidad"],"_links":{"self":[{"href":"https:\/\/dvnoticias.com.mx\/index.php\/wp-json\/wp\/v2\/posts\/2577","targetHints":{"allow":["GET"]}}],"collection":[{"href":"https:\/\/dvnoticias.com.mx\/index.php\/wp-json\/wp\/v2\/posts"}],"about":[{"href":"https:\/\/dvnoticias.com.mx\/index.php\/wp-json\/wp\/v2\/types\/post"}],"author":[{"embeddable":true,"href":"https:\/\/dvnoticias.com.mx\/index.php\/wp-json\/wp\/v2\/users\/1"}],"replies":[{"embeddable":true,"href":"https:\/\/dvnoticias.com.mx\/index.php\/wp-json\/wp\/v2\/comments?post=2577"}],"version-history":[{"count":1,"href":"https:\/\/dvnoticias.com.mx\/index.php\/wp-json\/wp\/v2\/posts\/2577\/revisions"}],"predecessor-version":[{"id":2578,"href":"https:\/\/dvnoticias.com.mx\/index.php\/wp-json\/wp\/v2\/posts\/2577\/revisions\/2578"}],"wp:featuredmedia":[{"embeddable":true,"href":"https:\/\/dvnoticias.com.mx\/index.php\/wp-json\/wp\/v2\/media\/2579"}],"wp:attachment":[{"href":"https:\/\/dvnoticias.com.mx\/index.php\/wp-json\/wp\/v2\/media?parent=2577"}],"wp:term":[{"taxonomy":"category","embeddable":true,"href":"https:\/\/dvnoticias.com.mx\/index.php\/wp-json\/wp\/v2\/categories?post=2577"},{"taxonomy":"post_tag","embeddable":true,"href":"https:\/\/dvnoticias.com.mx\/index.php\/wp-json\/wp\/v2\/tags?post=2577"}],"curies":[{"name":"wp","href":"https:\/\/api.w.org\/{rel}","templated":true}]}}