{"id":2470,"date":"2025-05-02T18:30:55","date_gmt":"2025-05-02T23:30:55","guid":{"rendered":"https:\/\/dvnoticias.com.mx\/?p=2470"},"modified":"2025-05-09T21:08:17","modified_gmt":"2025-05-09T21:08:17","slug":"celebran-dunia-y-erasmo-a-las-ninas-y-los-ninos-de-ciudad-madero","status":"publish","type":"post","link":"https:\/\/dvnoticias.com.mx\/index.php\/2025\/05\/02\/celebran-dunia-y-erasmo-a-las-ninas-y-los-ninos-de-ciudad-madero\/","title":{"rendered":"Celebran Dunia y Erasmo a las ni\u00f1as y los ni\u00f1os de Ciudad Madero"},"content":{"rendered":"<p>Cd. Madero, Tamaulipas.- Con motivo de la celebraci\u00f3n del \u00abD\u00eda de la Ni\u00f1a y el Ni\u00f1o\u00bb, el Sistema para el Desarrollo Integral de la Familia en Ciudad Madero, que preside la Lic. Dunia Mar\u00f3n Acu\u00f1a acompa\u00f1ada del presidente municipal Erasmo Gonz\u00e1lez Robledo, ofrecieron un evento lleno de colorido y emotividad, un festival en el Parque Bicentenario, lleno de sorpresas, juegos y diversi\u00f3n.<\/p>\n<p>En punto de las cuatro de la tarde dio comienzo este colorido evento arrancando con un animado show de espect\u00e1culos, que contagi\u00f3 con las primeras sonrisas entre los asistentes, quienes tambi\u00e9n disfrutaron de juegos inflables, snacks, rifas y concursos especialmente dise\u00f1ados para fomentar la convivencia familiar y la inclusi\u00f3n de ni\u00f1as y ni\u00f1os con discapacidad.<\/p>\n<p>La Lic. Dunia Mar\u00f3n Acu\u00f1a, dirigi\u00f3 un emotivo mensaje \u201cLas ni\u00f1as y los ni\u00f1os son el coraz\u00f3n de nuestras familias y el motor que nos inspira todos los d\u00edas. Este festival es un recordatorio de que su felicidad y bienestar son prioridad para nuestro Sistema DIF y el Gobierno Municipal\u201d, expres\u00f3 la Presidenta del Organismo Asistencial, Dunia Mar\u00f3n. Adem\u00e1s, subray\u00f3 \u201cqueremos que crezcan con alegr\u00eda, en hogares llenos de amor, rodeados de oportunidades y siempre protegidos\u201d.<\/p>\n<p>Durante el evento, el presidente municipal Erasmo Gonz\u00e1lez Robledo y su esposa Dunia Mar\u00f3n Acu\u00f1a convivieron con los menores y participaron en la rifa de juguetes, generando momentos de emoci\u00f3n entre la concurrencia.<\/p>\n<p>Por su parte el Presidente Municipal, Erasmo Gonz\u00e1lez subray\u00f3 la importancia de trabajar unidos para fortalecer los valores desde la infancia. Hoy celebramos a quienes m\u00e1s alegr\u00eda nos dan nuestras ni\u00f1as y nuestros ni\u00f1os. Desde esta administraci\u00f3n reafirmamos una de nuestras misiones m\u00e1s sensibles, construir un entorno seguro, inclusivo y lleno de oportunidades para su desarrollo integral y una prosperidad para todos\u201d, se\u00f1al\u00f3.<\/p>\n<p>La Presidenta del DIF Madero Dunia Mar\u00f3n agradeci\u00f3 a las familias asistentes por confiar en el DIF Ciudad Madero y reiter\u00f3 que; \u201ceste tipo de celebraciones reflejan la esencia de lo que somos, una comunidad unida, solidaria y comprometida con sus generaciones m\u00e1s j\u00f3venes\u201d.<\/p>\n","protected":false},"excerpt":{"rendered":"<p>Cd. Madero, Tamaulipas.- Con motivo de la celebraci\u00f3n del \u00abD\u00eda de la Ni\u00f1a y el Ni\u00f1o\u00bb, el Sistema para el Desarrollo Integral de la Familia en Ciudad Madero, que preside la Lic. Dunia Mar\u00f3n Acu\u00f1a acompa\u00f1ada del presidente municipal Erasmo Gonz\u00e1lez Robledo, ofrecieron un evento lleno de colorido y emotividad, un festival en el Parque [&hellip;]<\/p>\n","protected":false},"author":1,"featured_media":2472,"comment_status":"open","ping_status":"closed","sticky":false,"template":"","format":"standard","meta":{"footnotes":""},"categories":[9],"tags":[],"class_list":["post-2470","post","type-post","status-publish","format-standard","has-post-thumbnail","hentry","category-zona-conurbada-del-sur"],"_links":{"self":[{"href":"https:\/\/dvnoticias.com.mx\/index.php\/wp-json\/wp\/v2\/posts\/2470","targetHints":{"allow":["GET"]}}],"collection":[{"href":"https:\/\/dvnoticias.com.mx\/index.php\/wp-json\/wp\/v2\/posts"}],"about":[{"href":"https:\/\/dvnoticias.com.mx\/index.php\/wp-json\/wp\/v2\/types\/post"}],"author":[{"embeddable":true,"href":"https:\/\/dvnoticias.com.mx\/index.php\/wp-json\/wp\/v2\/users\/1"}],"replies":[{"embeddable":true,"href":"https:\/\/dvnoticias.com.mx\/index.php\/wp-json\/wp\/v2\/comments?post=2470"}],"version-history":[{"count":1,"href":"https:\/\/dvnoticias.com.mx\/index.php\/wp-json\/wp\/v2\/posts\/2470\/revisions"}],"predecessor-version":[{"id":2471,"href":"https:\/\/dvnoticias.com.mx\/index.php\/wp-json\/wp\/v2\/posts\/2470\/revisions\/2471"}],"wp:featuredmedia":[{"embeddable":true,"href":"https:\/\/dvnoticias.com.mx\/index.php\/wp-json\/wp\/v2\/media\/2472"}],"wp:attachment":[{"href":"https:\/\/dvnoticias.com.mx\/index.php\/wp-json\/wp\/v2\/media?parent=2470"}],"wp:term":[{"taxonomy":"category","embeddable":true,"href":"https:\/\/dvnoticias.com.mx\/index.php\/wp-json\/wp\/v2\/categories?post=2470"},{"taxonomy":"post_tag","embeddable":true,"href":"https:\/\/dvnoticias.com.mx\/index.php\/wp-json\/wp\/v2\/tags?post=2470"}],"curies":[{"name":"wp","href":"https:\/\/api.w.org\/{rel}","templated":true}]}}