{"id":2467,"date":"2025-05-02T18:30:31","date_gmt":"2025-05-02T23:30:31","guid":{"rendered":"https:\/\/dvnoticias.com.mx\/?p=2467"},"modified":"2025-05-09T21:06:39","modified_gmt":"2025-05-09T21:06:39","slug":"enaltece-monica-villarreal-patrimonio-arquitectonico-de-tampico","status":"publish","type":"post","link":"https:\/\/dvnoticias.com.mx\/index.php\/2025\/05\/02\/enaltece-monica-villarreal-patrimonio-arquitectonico-de-tampico\/","title":{"rendered":"Enaltece M\u00f3nica Villarreal Patrimonio Arquitect\u00f3nico de Tampico"},"content":{"rendered":"<p>Tampico, Tamaulipas.- En una ceremonia que reuni\u00f3 a arquitectos de todo el pa\u00eds, la Presidenta municipal M\u00f3nica Villarreal Anaya recibi\u00f3 con orgullo la distinci\u00f3n que declara a la Casa Castam (fundada en 1957) como \u00abEdificio Vigilado\u00bb por el Observatorio Arquitect\u00f3nico de la Federaci\u00f3n de Colegios de Arquitectos de la Rep\u00fablica Mexicana.<\/p>\n<p>\u00abMuy contentos de poder recibirlos aqu\u00ed en el puerto de Tampico a quienes nos visitan de diferentes puntos de la Rep\u00fablica Mexicana, pues van a quedar encantados con nuestro puerto porque tenemos una gran historia nacional que est\u00e1 reflejada en los monumentos de nuestro municipio\u00bb, expres\u00f3 la alcaldesa durante el emotivo acto.<\/p>\n<p>Miguel Sosa Correa, Presidente de la Confederaci\u00f3n Nacional de la FCARM, destac\u00f3 la importancia de conservar estos testimonios materiales de nuestra historia. Por su parte, el arquitecto Josu\u00e9 Ram\u00f3n C\u00e1rdenas, Presidente del Colegio de Arquitectos del Sur de Tamaulipas, resalt\u00f3 que Casa Castam representa un invaluable ejemplo de la arquitectura moderna mexicana.<\/p>\n<p>La alcaldesa reconoci\u00f3 la labor de la confederaci\u00f3n y el colegio, especialmente el trabajo del arquitecto Josu\u00e9 C\u00e1rdenas: \u00abPara nosotros es muy importante el impulso que el Arquitecto Josu\u00e9 C\u00e1rdenas nos dio para poder colaborar en esta convenci\u00f3n nacional, donde tenemos la oportunidad de que conozcan mucho de la historia y de la arquitectura de nuestra zona\u00bb.<\/p>\n<p>La ceremonia tambi\u00e9n fue ocasi\u00f3n para reconocer a la Familia Mel\u00e9ndez, propietaria original de la casona y quienes tienen un arraigo en la ciudad, siendo un testimonio de la gentileza y compromiso de la gente que habita en este puerto.<\/p>\n<p>La placa develada certifica que la Casa Castam ser\u00e1 documentada y preservada como testimonio de la arquitectura del siglo XX, reforzando el compromiso de la administraci\u00f3n municipal con la protecci\u00f3n del patrimonio que coloca a Tampico en el segundo lugar en Tamaulipas por la cantidad de edificios hist\u00f3ricos con los que cuente, adem\u00e1s de impulsarlo como un destino tur\u00edstico por excelencia.<\/p>\n","protected":false},"excerpt":{"rendered":"<p>Tampico, Tamaulipas.- En una ceremonia que reuni\u00f3 a arquitectos de todo el pa\u00eds, la Presidenta municipal M\u00f3nica Villarreal Anaya recibi\u00f3 con orgullo la distinci\u00f3n que declara a la Casa Castam (fundada en 1957) como \u00abEdificio Vigilado\u00bb por el Observatorio Arquitect\u00f3nico de la Federaci\u00f3n de Colegios de Arquitectos de la Rep\u00fablica Mexicana. \u00abMuy contentos de poder [&hellip;]<\/p>\n","protected":false},"author":1,"featured_media":2469,"comment_status":"open","ping_status":"closed","sticky":false,"template":"","format":"standard","meta":{"footnotes":""},"categories":[9],"tags":[],"class_list":["post-2467","post","type-post","status-publish","format-standard","has-post-thumbnail","hentry","category-zona-conurbada-del-sur"],"_links":{"self":[{"href":"https:\/\/dvnoticias.com.mx\/index.php\/wp-json\/wp\/v2\/posts\/2467","targetHints":{"allow":["GET"]}}],"collection":[{"href":"https:\/\/dvnoticias.com.mx\/index.php\/wp-json\/wp\/v2\/posts"}],"about":[{"href":"https:\/\/dvnoticias.com.mx\/index.php\/wp-json\/wp\/v2\/types\/post"}],"author":[{"embeddable":true,"href":"https:\/\/dvnoticias.com.mx\/index.php\/wp-json\/wp\/v2\/users\/1"}],"replies":[{"embeddable":true,"href":"https:\/\/dvnoticias.com.mx\/index.php\/wp-json\/wp\/v2\/comments?post=2467"}],"version-history":[{"count":1,"href":"https:\/\/dvnoticias.com.mx\/index.php\/wp-json\/wp\/v2\/posts\/2467\/revisions"}],"predecessor-version":[{"id":2468,"href":"https:\/\/dvnoticias.com.mx\/index.php\/wp-json\/wp\/v2\/posts\/2467\/revisions\/2468"}],"wp:featuredmedia":[{"embeddable":true,"href":"https:\/\/dvnoticias.com.mx\/index.php\/wp-json\/wp\/v2\/media\/2469"}],"wp:attachment":[{"href":"https:\/\/dvnoticias.com.mx\/index.php\/wp-json\/wp\/v2\/media?parent=2467"}],"wp:term":[{"taxonomy":"category","embeddable":true,"href":"https:\/\/dvnoticias.com.mx\/index.php\/wp-json\/wp\/v2\/categories?post=2467"},{"taxonomy":"post_tag","embeddable":true,"href":"https:\/\/dvnoticias.com.mx\/index.php\/wp-json\/wp\/v2\/tags?post=2467"}],"curies":[{"name":"wp","href":"https:\/\/api.w.org\/{rel}","templated":true}]}}