{"id":2458,"date":"2025-05-01T18:30:20","date_gmt":"2025-05-01T23:30:20","guid":{"rendered":"https:\/\/dvnoticias.com.mx\/?p=2458"},"modified":"2025-05-09T20:53:33","modified_gmt":"2025-05-09T20:53:33","slug":"tampico-se-confirma-como-destino-turistico-de-convenciones-monica-villarreal","status":"publish","type":"post","link":"https:\/\/dvnoticias.com.mx\/index.php\/2025\/05\/01\/tampico-se-confirma-como-destino-turistico-de-convenciones-monica-villarreal\/","title":{"rendered":"Tampico se Confirma como Destino Tur\u00edstico de Convenciones: M\u00f3nica Villarreal"},"content":{"rendered":"<p>Tampico, Tamaulipas.- Al presidir la ceremonia inaugural de la 117 Reuni\u00f3n Nacional de la Federaci\u00f3n de Colegios de Arquitectos de la Rep\u00fablica Mexicana en el Centro de Convenciones Expo Tampico, la Presidenta municipal M\u00f3nica Villarreal Anaya subray\u00f3 que la celebraci\u00f3n de asambleas, de car\u00e1cter nacional e internacional, confirman la importancia tur\u00edstica del municipio y su capacidad de albergar encuentros estrat\u00e9gicos en el desarrollo del pa\u00eds.<\/p>\n<p>La alcaldesa, acompa\u00f1\u00f3 en el presidium a la titular de la Secretar\u00eda de Desarrollo Urbano y Medio Ambiente en el Estado, Karina Lizeth Sald\u00edvar Lartigue, representante personal del Gobernador, Dr. Am\u00e9rico Villarreal Anaya; as\u00ed como al Presidente Nacional de Federaci\u00f3n de Arquitectos, Miguel Sosa Correa; al Alcalde de Ciudad Madero, Erasmo Gonz\u00e1lez Robledo; y al Presidente del Colegio de Arquitectos del Sur de Tamaulipas, Josu\u00e9 Ram\u00f3n C\u00e1rdenas Priego.<\/p>\n<p>Ah\u00ed, M\u00f3nica Villarreal sostuvo que Tampico y la zona conurbada tuvieron una afluencia\u00a0 r\u00e9cord durante la reciente temporada vacacional de Semana Santa, colocando a esta regi\u00f3n como el destino m\u00e1s visitado de la entidad.<\/p>\n<p>\u00abLos tampique\u00f1os nos sentimos muy orgullosos de recibirlos en esta reuni\u00f3n nacional y lo hacemos con mucho cari\u00f1o. Tampico es un municipio con mucha historia y con un patrimonio arquitect\u00f3nico inigualable, contamos con un centro hist\u00f3rico que integra un amplio cat\u00e1logo de edificios que muestran la importancia de la arquitectura en el patrimonio edificado de nuestra ciudad; contamos adem\u00e1s con diversos pasajes hist\u00f3ricos de gran trascendencia en el contexto nacional, pues fue aqu\u00ed donde se consum\u00f3 la independencia de M\u00e9xico y justamente en el r\u00edo P\u00e1nuco, donde ustedes realizaron un divertido paseo, se puede apreciar la espectacular belleza de nuestra ribera\u00bb.<\/p>\n<p>La autoridad municipal reiter\u00f3 el compromiso de su gobierno de contribuir con la Federacion de Colegios de Arquitectos de la Rep\u00fablica Mexicana en la generaci\u00f3n de propuestas que impulsen la mejora y el embellecimiento de este y de los distintos municipios del pa\u00eds; y valor\u00f3 el que hayan elegido a Tampico como sede para el desarrollo de su 117 reuni\u00f3n nacional.<\/p>\n<p>Por su parte el dirigente Nacional de la FCARM, Miguel Sosa Correa agradeci\u00f3 la c\u00e1lida hospitalidad de los tampique\u00f1os y reconoci\u00f3 la belleza arquitect\u00f3nica de la\u00a0 ciudad, as\u00ed como los atractivos tur\u00edsticos que ofrece y la seguridad que se manifiesta en sus calles.<\/p>\n<p>La representante del Gobernador del Estado, Dr. Am\u00e9rico Villarreal Anaya, la titular de SEDUMA, Karina Sald\u00edvar resalt\u00f3 la importancia de los Colegios de Arquitectos en la construcci\u00f3n de ciudades modernas, atractivas, seguras y funcionales; y subray\u00f3 el compromiso del gobierno estatal por seguir trabajando de manera coordinada en el desarrollo de proyectos que promuevan el progreso y la prosperidad de Tamaulipas.<\/p>\n","protected":false},"excerpt":{"rendered":"<p>Tampico, Tamaulipas.- Al presidir la ceremonia inaugural de la 117 Reuni\u00f3n Nacional de la Federaci\u00f3n de Colegios de Arquitectos de la Rep\u00fablica Mexicana en el Centro de Convenciones Expo Tampico, la Presidenta municipal M\u00f3nica Villarreal Anaya subray\u00f3 que la celebraci\u00f3n de asambleas, de car\u00e1cter nacional e internacional, confirman la importancia tur\u00edstica del municipio y su [&hellip;]<\/p>\n","protected":false},"author":1,"featured_media":2460,"comment_status":"open","ping_status":"closed","sticky":false,"template":"","format":"standard","meta":{"footnotes":""},"categories":[9],"tags":[],"class_list":["post-2458","post","type-post","status-publish","format-standard","has-post-thumbnail","hentry","category-zona-conurbada-del-sur"],"_links":{"self":[{"href":"https:\/\/dvnoticias.com.mx\/index.php\/wp-json\/wp\/v2\/posts\/2458","targetHints":{"allow":["GET"]}}],"collection":[{"href":"https:\/\/dvnoticias.com.mx\/index.php\/wp-json\/wp\/v2\/posts"}],"about":[{"href":"https:\/\/dvnoticias.com.mx\/index.php\/wp-json\/wp\/v2\/types\/post"}],"author":[{"embeddable":true,"href":"https:\/\/dvnoticias.com.mx\/index.php\/wp-json\/wp\/v2\/users\/1"}],"replies":[{"embeddable":true,"href":"https:\/\/dvnoticias.com.mx\/index.php\/wp-json\/wp\/v2\/comments?post=2458"}],"version-history":[{"count":1,"href":"https:\/\/dvnoticias.com.mx\/index.php\/wp-json\/wp\/v2\/posts\/2458\/revisions"}],"predecessor-version":[{"id":2459,"href":"https:\/\/dvnoticias.com.mx\/index.php\/wp-json\/wp\/v2\/posts\/2458\/revisions\/2459"}],"wp:featuredmedia":[{"embeddable":true,"href":"https:\/\/dvnoticias.com.mx\/index.php\/wp-json\/wp\/v2\/media\/2460"}],"wp:attachment":[{"href":"https:\/\/dvnoticias.com.mx\/index.php\/wp-json\/wp\/v2\/media?parent=2458"}],"wp:term":[{"taxonomy":"category","embeddable":true,"href":"https:\/\/dvnoticias.com.mx\/index.php\/wp-json\/wp\/v2\/categories?post=2458"},{"taxonomy":"post_tag","embeddable":true,"href":"https:\/\/dvnoticias.com.mx\/index.php\/wp-json\/wp\/v2\/tags?post=2458"}],"curies":[{"name":"wp","href":"https:\/\/api.w.org\/{rel}","templated":true}]}}