{"id":2426,"date":"2025-05-01T14:10:44","date_gmt":"2025-05-01T19:10:44","guid":{"rendered":"https:\/\/dvnoticias.com.mx\/?p=2426"},"modified":"2025-05-01T19:10:47","modified_gmt":"2025-05-01T19:10:47","slug":"los-hechos-23","status":"publish","type":"post","link":"https:\/\/dvnoticias.com.mx\/index.php\/2025\/05\/01\/los-hechos-23\/","title":{"rendered":"LOS HECHOS"},"content":{"rendered":"<p>POR Jos\u00e9 In\u00e9s Figueroa Vitela<\/p>\n<p>&nbsp;<\/p>\n<p>PRECISIONES<\/p>\n<p>&nbsp;<\/p>\n<p>Los 98.5 millones, contantes y sonantes, a los que se suman menaje de casa, para los damnificados de las lluvias en la frontera, prueban que el gobierno responde, a\u00fan sin el FONDEN, cuya desaparici\u00f3n, en voz de los opositores, alcanz\u00f3 niveles apocal\u00edpticos.<\/p>\n<p>No se trata solo de cifras: la urgencia est\u00e1 en c\u00f3mo y cu\u00e1ndo llega el apoyo, en lo que el antes y el despu\u00e9s igual resultan contundentes, a los ojos de la opini\u00f3n p\u00fablica, de los testigos directos y de las v\u00edctimas.<\/p>\n<p>M\u00e1s all\u00e1 del relato oficial, las preguntas que flotan en el ambiente regional ser\u00e1n: \u00bflos afectados sienten que su tragedia dej\u00f3 de ser bot\u00edn pol\u00edtico? Y m\u00e1s a\u00fan, al final del d\u00eda \u00bfabortar\u00e1 la intentona de quienes todo el tiempo han estado pensando en el bot\u00edn econ\u00f3mico?<\/p>\n<p>La marginaci\u00f3n de intermediarios, dispuesto por la Presidenta de la Rep\u00fablica CLAUDIA SHEINBAUM, con el puntual seguimiento del l\u00edder pol\u00edtico estatal, quien no es otro que el Gobernador AM\u00c9RICO VILLARREAL ANAYA, extienden garant\u00edas en aquel sentido.<\/p>\n<p>Muy a pesar de los pesares.<\/p>\n<p>El ruido medi\u00e1tico y la versi\u00f3n oficial sobre el incidente vivido en d\u00edas pasados por el alcalde de Matamoros, BETO GRANADOS, en el cruce internacional de su pueblo con el texano Brownsville, sigue descansando en su dicho: no hay delito, ni retiro de visa. Solo una revisi\u00f3n ordinaria.<\/p>\n<p>Hasta ahora, ni las autoridades mexicanas, o las estadounidenses, han contradicho su versi\u00f3n, reduciendo al campo de las especulaciones, la publicaci\u00f3n de donde se derivaron los se\u00f1alamientos mayores.<\/p>\n<p>No obstante, el esc\u00e1ndalo medi\u00e1tico ya se consum\u00f3 y como es bien sabido, en la cosa p\u00fablica, pol\u00edtica y gobierno, a veces basta la sospecha para sembrar la duda.<\/p>\n<p>La desinformaci\u00f3n, solo se combate con informaci\u00f3n.<\/p>\n<p>En cuanto a la cancelaci\u00f3n de la suspensi\u00f3n obtenida por el gobernador de triste memoria, el fallo judicial sobre los escoltas de Cabeza de Vaca, en efecto, no le retira protecci\u00f3n, pero abre un debate urgente.<\/p>\n<p>\u00bfQui\u00e9n decide cu\u00e1ntos guardaespaldas necesita un exgobernador? \u00bfCon qu\u00e9 criterios? \u00bfCon qu\u00e9 recursos? Y \u00bfhasta qu\u00e9 l\u00edmite?<\/p>\n<p>El blindaje pol\u00edtico, disfrazado de seguridad, fue excusa para los abusos institucionales en el pasado vergonzoso.<\/p>\n<p>Hoy no se encuentra raz\u00f3n para que un pr\u00f3fugo de la justicia, escondido en el extranjero, siga gozando del despliegue de recursos humanos, financieros y muebles con cargo al presupuesto gubernamental.<\/p>\n<p>Aunque la rotaci\u00f3n de elementos reivindicada por el Tribunal Colegiado, evidenciar\u00e1 que sus actividades no tienen la menor relaci\u00f3n con las funciones conferidas por el mandato jur\u00eddico que dio pie a tales privilegios.<\/p>\n<p>El nombre del anterior gobernador tamaulipeco, por cierto, sigue apareciendo en los esc\u00e1ndalos pol\u00edticos-policiacos de temporada.<\/p>\n<p>La memoria no olvida: Mexicanos Contra la Corrupci\u00f3n vuelve a poner foco en Tamaulipas: desv\u00edos, huachicol y extorsi\u00f3n a transmigrantes, son los temas convergentes con el cabecilla de la banda de los cuernos largos.<\/p>\n<p>El pasado no ha sido juzgado del todo, aunque las pruebas ah\u00ed siguen.<\/p>\n<p>\u00bfQui\u00e9n responder\u00e1 por esos despojos? \u00bfQui\u00e9n lo permiti\u00f3, lo encubri\u00f3, lo justific\u00f3?<\/p>\n<p>La lista de complicidades se vuelve interminable.<\/p>\n<p>Hoy todos los caminos conducen a Altamira.<\/p>\n<p>La sesi\u00f3n itinerante es una forma de acercar el Congreso Local a la gente, m\u00e1s all\u00e1 del discurso y las promesas de campa\u00f1a hist\u00f3ricamente reclamadas.<\/p>\n<p>Altamira ser\u00e1 sede hoy, de las reuniones de trabajo de las comisiones legislativas y ma\u00f1ana se instalar\u00e1n todos los diputados en pleno, as\u00ed como se hizo antes en Nuevo Laredo y se har\u00e1 despu\u00e9s en Matamoros. Y Reynosa, al menos.<\/p>\n<p>De pasada, hoy el alto mando legislativo har\u00e1 escala en la capital de la temporalera, El Mante, para inaugurar las oficinas de gestor\u00eda del representante de aquel distrito,<\/p>\n<p>ALBERTO MOCTEZUMA CASTILLO.<\/p>\n<p>Y previo a la sesi\u00f3n ordinaria, en la plaza de Altamira, se desarrollar\u00e1 la tradicional Ma\u00f1anera Legislativa, en vivo y en directo para todo Tamaulipas y el mundo entero, claro est\u00e1, por las v\u00edas del internet.<\/p>\n<p>Buena iniciativa, aplaudida por los tamaulipecos y bien aprovechada por los ciudadanos, en los lugares por donde va pasando esta caravana de la representaci\u00f3n popular por excelencia.<\/p>\n","protected":false},"excerpt":{"rendered":"<p>POR Jos\u00e9 In\u00e9s Figueroa Vitela &nbsp; PRECISIONES &nbsp; Los 98.5 millones, contantes y sonantes, a los que se suman menaje de casa, para los damnificados de las lluvias en la frontera, prueban que el gobierno responde, a\u00fan sin el FONDEN, cuya desaparici\u00f3n, en voz de los opositores, alcanz\u00f3 niveles apocal\u00edpticos. No se trata solo de [&hellip;]<\/p>\n","protected":false},"author":1,"featured_media":168,"comment_status":"open","ping_status":"closed","sticky":false,"template":"","format":"standard","meta":{"footnotes":""},"categories":[10],"tags":[],"class_list":["post-2426","post","type-post","status-publish","format-standard","has-post-thumbnail","hentry","category-columnistas"],"_links":{"self":[{"href":"https:\/\/dvnoticias.com.mx\/index.php\/wp-json\/wp\/v2\/posts\/2426","targetHints":{"allow":["GET"]}}],"collection":[{"href":"https:\/\/dvnoticias.com.mx\/index.php\/wp-json\/wp\/v2\/posts"}],"about":[{"href":"https:\/\/dvnoticias.com.mx\/index.php\/wp-json\/wp\/v2\/types\/post"}],"author":[{"embeddable":true,"href":"https:\/\/dvnoticias.com.mx\/index.php\/wp-json\/wp\/v2\/users\/1"}],"replies":[{"embeddable":true,"href":"https:\/\/dvnoticias.com.mx\/index.php\/wp-json\/wp\/v2\/comments?post=2426"}],"version-history":[{"count":1,"href":"https:\/\/dvnoticias.com.mx\/index.php\/wp-json\/wp\/v2\/posts\/2426\/revisions"}],"predecessor-version":[{"id":2427,"href":"https:\/\/dvnoticias.com.mx\/index.php\/wp-json\/wp\/v2\/posts\/2426\/revisions\/2427"}],"wp:featuredmedia":[{"embeddable":true,"href":"https:\/\/dvnoticias.com.mx\/index.php\/wp-json\/wp\/v2\/media\/168"}],"wp:attachment":[{"href":"https:\/\/dvnoticias.com.mx\/index.php\/wp-json\/wp\/v2\/media?parent=2426"}],"wp:term":[{"taxonomy":"category","embeddable":true,"href":"https:\/\/dvnoticias.com.mx\/index.php\/wp-json\/wp\/v2\/categories?post=2426"},{"taxonomy":"post_tag","embeddable":true,"href":"https:\/\/dvnoticias.com.mx\/index.php\/wp-json\/wp\/v2\/tags?post=2426"}],"curies":[{"name":"wp","href":"https:\/\/api.w.org\/{rel}","templated":true}]}}