{"id":2326,"date":"2025-04-25T19:00:50","date_gmt":"2025-04-26T00:00:50","guid":{"rendered":"https:\/\/dvnoticias.com.mx\/?p=2326"},"modified":"2025-04-26T21:51:06","modified_gmt":"2025-04-26T21:51:06","slug":"con-la-campana-juntos-por-el-agua-comapa-sur-refuerza-el-cuidado-del-vital-liquido","status":"publish","type":"post","link":"https:\/\/dvnoticias.com.mx\/index.php\/2025\/04\/25\/con-la-campana-juntos-por-el-agua-comapa-sur-refuerza-el-cuidado-del-vital-liquido\/","title":{"rendered":"Con la campa\u00f1a \u201cJuntos por el Agua\u201d, COMAPA SUR refuerza el cuidado del vital l\u00edquido"},"content":{"rendered":"<p>Tampico, Tamaulipas.- Con el objetivo de promover el uso responsable del agua y crear conciencia sobre su importancia, COMAPA SUR ha implementado la campa\u00f1a \u201cJuntos por el Agua\u201d, dirigida a toda la comunidad.<\/p>\n<p>Ante el antecedente de la crisis h\u00eddrica padecida en el a\u00f1o 2024, el organismo operador del agua reforz\u00f3 sus programas de concientizaci\u00f3n a la poblaci\u00f3n a trav\u00e9s de acciones como la presente campa\u00f1a.<\/p>\n<p>En ese sentido, el gobernador del estado, Dr. Am\u00e9rico Villarreal Anaya, gir\u00f3 instrucciones a trav\u00e9s del secretario de Recursos Hidr\u00e1ulicos para el Desarrollo Social, Ing. Ra\u00fal Quiroga \u00c1lvarez, para impulsar este tipo de programas, que incluyen actividades en escuelas, difusi\u00f3n de mensajes en medios de comunicaci\u00f3n y redes sociales, con la finalidad de promover consejos pr\u00e1cticos sobre c\u00f3mo reducir el consumo diario de agua.<\/p>\n<p>En la reci\u00e9n celebrada d\u00e9cimo novena sesi\u00f3n ordinaria del Comit\u00e9 de Seguimiento y Evaluaci\u00f3n del Sem\u00e1foro del Agua, se acord\u00f3 que los municipios de Tampico, Madero y Altamira se mantienen en color verde respecto a la disponibilidad del recurso h\u00eddrico, sin embargo se mantiene la recomendaci\u00f3n de hacer un uso responsable para cuidar el elemental recurso.<\/p>\n<p>A trav\u00e9s de la campa\u00f1a \u201cJuntos por el Agua\u201d, COMAPA SUR, bajo la directriz de la Secretar\u00eda de Recursos Hidr\u00e1ulicos, buscar transmitir el mensaje sobre la importancia del cuidado del agua, destacando que cada acci\u00f3n refleja la conciencia de que cada gota cuenta y que con sencillos detalles se puede construir un futuro m\u00e1s justo, saludable y sostenible.<\/p>\n","protected":false},"excerpt":{"rendered":"<p>Tampico, Tamaulipas.- Con el objetivo de promover el uso responsable del agua y crear conciencia sobre su importancia, COMAPA SUR ha implementado la campa\u00f1a \u201cJuntos por el Agua\u201d, dirigida a toda la comunidad. Ante el antecedente de la crisis h\u00eddrica padecida en el a\u00f1o 2024, el organismo operador del agua reforz\u00f3 sus programas de concientizaci\u00f3n [&hellip;]<\/p>\n","protected":false},"author":1,"featured_media":2328,"comment_status":"open","ping_status":"closed","sticky":false,"template":"","format":"standard","meta":{"footnotes":""},"categories":[9],"tags":[],"class_list":["post-2326","post","type-post","status-publish","format-standard","has-post-thumbnail","hentry","category-zona-conurbada-del-sur"],"_links":{"self":[{"href":"https:\/\/dvnoticias.com.mx\/index.php\/wp-json\/wp\/v2\/posts\/2326","targetHints":{"allow":["GET"]}}],"collection":[{"href":"https:\/\/dvnoticias.com.mx\/index.php\/wp-json\/wp\/v2\/posts"}],"about":[{"href":"https:\/\/dvnoticias.com.mx\/index.php\/wp-json\/wp\/v2\/types\/post"}],"author":[{"embeddable":true,"href":"https:\/\/dvnoticias.com.mx\/index.php\/wp-json\/wp\/v2\/users\/1"}],"replies":[{"embeddable":true,"href":"https:\/\/dvnoticias.com.mx\/index.php\/wp-json\/wp\/v2\/comments?post=2326"}],"version-history":[{"count":1,"href":"https:\/\/dvnoticias.com.mx\/index.php\/wp-json\/wp\/v2\/posts\/2326\/revisions"}],"predecessor-version":[{"id":2327,"href":"https:\/\/dvnoticias.com.mx\/index.php\/wp-json\/wp\/v2\/posts\/2326\/revisions\/2327"}],"wp:featuredmedia":[{"embeddable":true,"href":"https:\/\/dvnoticias.com.mx\/index.php\/wp-json\/wp\/v2\/media\/2328"}],"wp:attachment":[{"href":"https:\/\/dvnoticias.com.mx\/index.php\/wp-json\/wp\/v2\/media?parent=2326"}],"wp:term":[{"taxonomy":"category","embeddable":true,"href":"https:\/\/dvnoticias.com.mx\/index.php\/wp-json\/wp\/v2\/categories?post=2326"},{"taxonomy":"post_tag","embeddable":true,"href":"https:\/\/dvnoticias.com.mx\/index.php\/wp-json\/wp\/v2\/tags?post=2326"}],"curies":[{"name":"wp","href":"https:\/\/api.w.org\/{rel}","templated":true}]}}