{"id":2313,"date":"2025-04-25T14:00:26","date_gmt":"2025-04-25T19:00:26","guid":{"rendered":"https:\/\/dvnoticias.com.mx\/?p=2313"},"modified":"2025-04-26T21:40:26","modified_gmt":"2025-04-26T21:40:26","slug":"orbe-22","status":"publish","type":"post","link":"https:\/\/dvnoticias.com.mx\/index.php\/2025\/04\/25\/orbe-22\/","title":{"rendered":"ORBE"},"content":{"rendered":"<p><strong>Traidores, rencorosos y \u201cdesmemoriados\u201d<\/strong><\/p>\n<p><strong>\u00a0<\/strong><\/p>\n<p><strong>Ma. Teresa Medina Marroqu\u00edn.-<\/strong><\/p>\n<p><strong>\u00a0<\/strong><\/p>\n<p><strong>LA AUTORIDAD MORAL CON LA QUE HABLA LA PRESIDENTA DE M\u00c9XICO<\/strong><\/p>\n<p><strong>\u00a0<\/strong><\/p>\n<p><strong>ATESTIGUA MAR\u00cdA DE VILLARREAL ENTREGA DE DONATIVO DE LA CAMPA\u00d1A DE REDONDEO DE OXXO EN TAMAULIPAS<\/strong><\/p>\n<p><strong>\u00a0<\/strong><\/p>\n<p><strong>ORGANIZA LA UAT CONCURSO ESTATAL DE ORATORIA UNIVERSITARIO<\/strong><\/p>\n<p>&nbsp;<\/p>\n<p>A principios de esta semana la presidenta Claudia Sheinbaum levant\u00f3 la voz, una voz que por su alta investidura pol\u00edtica y de poder adquiere una autoridad moral indiscutible.<\/p>\n<p>\u00bfQu\u00e9 hizo la Dra. Sheinbaum para que medios de comunicaci\u00f3n y redes sociales voltearan (una vez m\u00e1s) y se sorprendieran de que su distancia, inesperada pero real y estrat\u00e9gica respecto de Andr\u00e9s Manuel L\u00f3pez Obrador no s\u00f3lo es una realidad, sino que ella no est\u00e1 dispuesta a que esa enorme locomotora pol\u00edtica se descarrile al abismo al que sus adversarios tanto desean que se precipite al vac\u00edo?<\/p>\n<p>Al margen de que igual esta misma semana exigi\u00f3 que la Fiscal\u00eda de Tamaulipas que encabeza Irving Barrios investigue la detenci\u00f3n e inmediata liberaci\u00f3n del delegado estatal del IMSS, Jos\u00e9 Luis Aranza Aguilar, interceptado en una c\u00e9ntrica avenida de Ciudad Victoria, tambi\u00e9n sin ambages critic\u00f3 y exhibi\u00f3 a la oposici\u00f3n de traidores, calific\u00e1ndolos de \u201cvendepatrias\u201d.<\/p>\n<p><strong>\u00a0<\/strong><\/p>\n<p><strong>LA HISTORIA DEL CERRO DE LAS CAMPANAS NO LES BASTA A ESTOS CONSPIRADORES<\/strong><\/p>\n<p>&nbsp;<\/p>\n<p>Se refiri\u00f3 evidentemente al PAN a quien acus\u00f3 de buscar apoyo extranjero a fin de que desde esos territorios extra\u00f1os a M\u00e9xico se conspire una invasi\u00f3n militar contra la soberan\u00eda de la naci\u00f3n.<\/p>\n<p>Esgrime la Presidenta de la Rep\u00fablica que los asuntos internos que competen al pa\u00eds s\u00f3lo se deben ser atendidos por los propios mexicanos y no por potencias extranjeras.<\/p>\n<p>Tiene raz\u00f3n do\u00f1a Claudia: Tratar de abrir las fronteras terrestres y mar\u00edtimas, as\u00ed como el espacio a\u00e9reo, en este caso a Estados Unidos, ser\u00eda tanto, y quiz\u00e1 peor, como la conspiraci\u00f3n hist\u00f3rica, y traici\u00f3n fraguada por un grupo de conservadores que viajaron a Austria en 1863 a pedirle a Maximiliano de Habsburgo se \u201cdignara\u201d venir a gobernar a M\u00e9xico, instaur\u00e1ndose en 1864 el llamado Segundo Imperio Mexicano.<\/p>\n<p>Ya se sabe que dos de estos traidores, Miguel Miram\u00f3n y Tom\u00e1s Mej\u00eda, fueron fusilados en el Cerro de las Campanas, en Quer\u00e9taro, el 19 de junio de 1867, ejecutado tambi\u00e9n en ese mismo ajusticiamiento el propio Maximiliano.<\/p>\n<p>No intento afirmar que esa misma suerte deben correr personajes como Lilly T\u00e9llez, Germ\u00e1n Mart\u00ednez, Ricardo Anaya y Jorge Romero en su calidad de dirigente nacional del partido albiazul, entre otros que no dan la cara, pero que a diario tratan de convencer al presidente de los Estados Unidos, Donald Trump y a su secretario de Estado, Marco Rubio, para que decidan enviar tropas a nuestro pa\u00eds, con lo que se provocar\u00eda una tragedia nacional.<\/p>\n<p>Pero, \u00bfser\u00e1 cierto que estos modernos conservadores, l\u00ednea directa de Miram\u00f3n y Mej\u00eda, en realidad buscan que el pa\u00eds resuelva sus problemas (que nadie ha dicho no sean graves) de inseguridad y narcotr\u00e1fico con una invasi\u00f3n?<\/p>\n<p>Desde luego que no. Lo que esta gente pretende, aunque las cosas parezcan de otra manera, es s\u00f3lo volver al poder, en ese eventual caso, puestos por el apoyo de Washington.<\/p>\n<p><strong>\u00a0<\/strong><\/p>\n<p><strong>\u00bfOLVIDARON QUE AMLO Y SHEINBAUM LUCHARON CON LAS PROPIAS REGLAS DEL SISTEMA?<\/strong><\/p>\n<p>&nbsp;<\/p>\n<p>Lamentablemente estos tienen muy mala memoria (eufem\u00edsticamente hablando) de que cuando ellos estaban en el poder, y Felipe Calder\u00f3n hac\u00eda de las suyas, en abierta complicidad con Genaro Garc\u00eda Luna, ignorando incluso la denuncia del general Tom\u00e1s \u00c1ngeles Dauahare, a quien el mismo Calder\u00f3n meti\u00f3 a prisi\u00f3n muy molesto porque tanto este militar como Javier Herrera Valles, alto mando de la Polic\u00eda Federal, hab\u00edan acusado formalmente (en una reuni\u00f3n privada en Los Pinos) al ahora preso en Estados Unidos y entonces titular de la Secretar\u00eda de Seguridad P\u00fablica de sostener nexos con la c\u00fapula de un c\u00e1rtel que operaba ya no s\u00f3lo en Estados Unidos sino en Europa, \u00c1frica, Asia y Sudam\u00e9rica.<\/p>\n<p>\u00bfHabr\u00e1n olvidado estos panistas que en esa \u00e9poca, entre 2006 y 2012, L\u00f3pez Obrador y la misma Sheinbaum, no pretend\u00edan ni exig\u00edan que el gobierno de Estados Unidos interviniera en los asuntos internos del pa\u00eds?<\/p>\n<p>Al contrario, esta clase pol\u00edtica, luego convertida en Morena, luch\u00f3 con las propias reglas del sistema pol\u00edtico, una historia de honor y dignidad que en 2018 los encumbr\u00f3 al poder, y cuyo triunfo los ahora opositores no les han podido perdonar.<\/p>\n<p><strong>\u00a0<\/strong><\/p>\n<p><strong>ORGANIZA LA UAT CONCURSO ESTATAL DE ORATORIA UNIVERSITARIO<\/strong><\/p>\n<p>&nbsp;<\/p>\n<p>La Universidad Aut\u00f3noma de Tamaulipas (UAT) organiza el Concurso Estatal de Oratoria Universitario, que se realizar\u00e1 el 13 de mayo de 2025, en la Facultad de Derecho y Ciencias Sociales del Campus Sur de esta casa de estudios.<\/p>\n<p>El evento est\u00e1 dirigido a estudiantes de todos los planteles de la UAT, con el prop\u00f3sito de generar un sentido de pertenencia y de orgullo hacia su alma mater.<\/p>\n<p>La convocatoria est\u00e1 abierta y tiene como fecha l\u00edmite para el registro de participantes el 30 de abril de 2025.<\/p>\n<p>Este concurso tiene como meta ofrecer un espacio para que los participantes investiguen y compartan sus perspectivas sobre la historia, los valores y los logros de la Universidad, as\u00ed como su impacto en la sociedad.<\/p>\n<p>Adem\u00e1s, pretende fomentar el pensamiento cr\u00edtico, estimulando el an\u00e1lisis y la reflexi\u00f3n sobre temas relevantes que afectan a la comunidad universitaria y a la sociedad en general, promoviendo un di\u00e1logo constructivo.<\/p>\n<p>La convocatoria est\u00e1 disponible en la p\u00e1gina oficial de la Facultad de Derecho y Ciencias Sociales https:\/\/fadycs.uat.edu.mx\/, donde los estudiantes podr\u00e1n consultar las bases y tem\u00e1ticas del certamen, as\u00ed como el sitio para registrar su participaci\u00f3n.<\/p>\n<p>Tambi\u00e9n pueden comunicarse a los correos electr\u00f3nicos jgullen@uat.edu.mx y elmedina@uat.edu.mx, o al tel\u00e9fono 833 341 3449 del Centro Universitario Sur.<\/p>\n<p><strong>\u00a0<\/strong><\/p>\n<p><strong>ATESTIGUA MAR\u00cdA DE VILLARREAL ENTREGA DE DONATIVO DE LA CAMPA\u00d1A DE REDONDEO DE OXXO EN TAMAULIPAS<\/strong><\/p>\n<p>&nbsp;<\/p>\n<p>-Los clientes que dijeron s\u00ed al redondeo beneficiaron con m\u00e1s de 596 mil pesos a la asociaci\u00f3n civil Vida Independiente para Personas con Discapacidad<\/p>\n<p>Como parte del trabajo colaborativo entre sociedad civil, iniciativa privada y gobierno, el Sistema DIF Tamaulipas que preside la doctora Mar\u00eda de Villarreal, fue testigo de la entrega de un donativo por parte de la cadena comercial Oxxo para la organizaci\u00f3n internacional Vida Independiente para Personas con Discapacidad A.C.<\/p>\n<p>\u201cAgradecerles a ustedes su gran trabajo y decirles que est\u00e9n muy orgullosos de esta participaci\u00f3n que han tenido, porque ahora saben muy bien c\u00f3mo va a impactar en beneficio de ciertas personas; los invito a que ahora ustedes tambi\u00e9n se consideren Mensajeros de Paz como nos decimos aqu\u00ed en el DIF, porque est\u00e1n ya participando, si\u00e9ntanse felices y alegres de colaborar y de seguir realizando su trabajo\u201d, dijo Mar\u00eda de Villarreal a los colaboradores de la cadena comercial que estuvieron presentes.<\/p>\n<p>Por su parte, Jorge Francisco L\u00f3pez Susunaga, coordinador de proyectos especiales de la organizaci\u00f3n internacional Vida Independiente para Personas con Discapacidad A.C., agradeci\u00f3 a la iniciativa privada, la sociedad civil y al gobierno el visibilizar la discapacidad y lograr una recaudaci\u00f3n hist\u00f3rica que servir\u00e1 para salvar vidas y mejorar la calidad de otras.<\/p>\n<p>Este donativo es el resultado de la campa\u00f1a de redondeo denominada Cambio por Cambio, correspondiente al primer trimestre de 2025, en la que las y los clientes de la cadena comercial realizaron donativos voluntarios en cada una de sus compras, lo que permiti\u00f3 recaudar 596,792.41 pesos.<\/p>\n<p>En su intervenci\u00f3n, Jos\u00e9 Antonio Lara S\u00e1enz, gerente de la plaza Ciudad Victoria, mencion\u00f3 que todas las actividades que realiza la empresa llevan un sentido humano y que esta actividad es una muestra de ello, lo que les ha permitido contribuir a la sociedad, al tiempo que reconoci\u00f3 el trabajo de clientes y colaboradores para llevar a cabo con \u00e9xito esta actividad.<\/p>\n<p><strong>\u00a0<\/strong><\/p>\n<p><strong>\u00a1Dese\u00e1ndoles un d\u00eda maravilloso!\u00a0\u00a0\u00a0\u00a0\u00a0\u00a0\u00a0\u00a0\u00a0\u00a0 <\/strong><\/p>\n<p><a href=\"mailto:tessieprimera@hotmail.com\"><strong>tessieprimera@hotmail.com<\/strong><\/a><strong>, @columnaorbe, columnaorbe.wordpress.com<\/strong><\/p>\n","protected":false},"excerpt":{"rendered":"<p>Traidores, rencorosos y \u201cdesmemoriados\u201d \u00a0 Ma. Teresa Medina Marroqu\u00edn.- \u00a0 LA AUTORIDAD MORAL CON LA QUE HABLA LA PRESIDENTA DE M\u00c9XICO \u00a0 ATESTIGUA MAR\u00cdA DE VILLARREAL ENTREGA DE DONATIVO DE LA CAMPA\u00d1A DE REDONDEO DE OXXO EN TAMAULIPAS \u00a0 ORGANIZA LA UAT CONCURSO ESTATAL DE ORATORIA UNIVERSITARIO &nbsp; A principios de esta semana la presidenta [&hellip;]<\/p>\n","protected":false},"author":1,"featured_media":506,"comment_status":"open","ping_status":"closed","sticky":false,"template":"","format":"standard","meta":{"footnotes":""},"categories":[10],"tags":[],"class_list":["post-2313","post","type-post","status-publish","format-standard","has-post-thumbnail","hentry","category-columnistas"],"_links":{"self":[{"href":"https:\/\/dvnoticias.com.mx\/index.php\/wp-json\/wp\/v2\/posts\/2313","targetHints":{"allow":["GET"]}}],"collection":[{"href":"https:\/\/dvnoticias.com.mx\/index.php\/wp-json\/wp\/v2\/posts"}],"about":[{"href":"https:\/\/dvnoticias.com.mx\/index.php\/wp-json\/wp\/v2\/types\/post"}],"author":[{"embeddable":true,"href":"https:\/\/dvnoticias.com.mx\/index.php\/wp-json\/wp\/v2\/users\/1"}],"replies":[{"embeddable":true,"href":"https:\/\/dvnoticias.com.mx\/index.php\/wp-json\/wp\/v2\/comments?post=2313"}],"version-history":[{"count":1,"href":"https:\/\/dvnoticias.com.mx\/index.php\/wp-json\/wp\/v2\/posts\/2313\/revisions"}],"predecessor-version":[{"id":2314,"href":"https:\/\/dvnoticias.com.mx\/index.php\/wp-json\/wp\/v2\/posts\/2313\/revisions\/2314"}],"wp:featuredmedia":[{"embeddable":true,"href":"https:\/\/dvnoticias.com.mx\/index.php\/wp-json\/wp\/v2\/media\/506"}],"wp:attachment":[{"href":"https:\/\/dvnoticias.com.mx\/index.php\/wp-json\/wp\/v2\/media?parent=2313"}],"wp:term":[{"taxonomy":"category","embeddable":true,"href":"https:\/\/dvnoticias.com.mx\/index.php\/wp-json\/wp\/v2\/categories?post=2313"},{"taxonomy":"post_tag","embeddable":true,"href":"https:\/\/dvnoticias.com.mx\/index.php\/wp-json\/wp\/v2\/tags?post=2313"}],"curies":[{"name":"wp","href":"https:\/\/api.w.org\/{rel}","templated":true}]}}