{"id":2247,"date":"2025-04-21T16:26:16","date_gmt":"2025-04-21T21:26:16","guid":{"rendered":"https:\/\/dvnoticias.com.mx\/?p=2247"},"modified":"2025-04-21T21:26:18","modified_gmt":"2025-04-21T21:26:18","slug":"con-el-gobernador-seguiremos-construyendo-una-gran-capital-lalo-gattas","status":"publish","type":"post","link":"https:\/\/dvnoticias.com.mx\/index.php\/2025\/04\/21\/con-el-gobernador-seguiremos-construyendo-una-gran-capital-lalo-gattas\/","title":{"rendered":"Con el gobernador seguiremos construyendo una gran Capital: Lalo Gatt\u00e1s."},"content":{"rendered":"<p>Cd. Victoria, Tamaulipas.\u2013 Con el compromiso de seguir trabajando de la mano del gobernador Am\u00e9rico Villarreal Anaya en la construcci\u00f3n de una Capital digna de su historia, el presidente municipal Eduardo Gatt\u00e1s B\u00e1ez y Cabildo local, celebraron el Bicentenario de la Capitalidad de Victoria.<\/p>\n<p>En sesi\u00f3n solemne, sostuvo que Victoria es memoria viva de gente tenaz, trabajadora, de hombres y mujeres que han construido esta tierra con esfuerzo y esperanza, por lo que invit\u00f3 a las nuevas generaciones a cuidar, amar y valorar nuestra ciudad para dejar un mejor legado en los pr\u00f3ximos 25 a\u00f1os.<\/p>\n<p>\u201cVamos por un futuro que est\u00e9 a la altura de nuestro pasado. Con el apoyo y de la mano del gobernador Dr. Am\u00e9rico Villarreal Anaya vamos a seguir trabajando en construir una capital digna de su historia con obras, servicios y valores\u201d, enfatiz\u00f3 Gatt\u00e1s B\u00e1ez en su mensaje a los victorenses y ante ex presidentes municipales.<\/p>\n<p>En la ceremonia c\u00edvica se develaron letras de oro en la Sala de Cabildo, conmemorativas de la Capitalidad de Victoria y la Placa del Bicentenario en la entrada de Palacio Municipal; y se dio el banderazo de inicio a los trabajos de restauraci\u00f3n del mural que se ubica en la planta alta del edificio de la Presidencia Municipal.<\/p>\n<p>Como parte de la celebraci\u00f3n de los 200 a\u00f1os como Capital del Estado de Tamaulipas, Gatt\u00e1s B\u00e1ez, acompa\u00f1ado de su esposa Lucy de Gatt\u00e1s, el ex alcalde \u00c1lvaro Villanueva Perales y ciudadanos, abrieron la C\u00e1psula del Tiempo en la plaza del 8 Hidalgo e instalaron la correspondiente a la administraci\u00f3n municipal 2024-2027.<\/p>\n","protected":false},"excerpt":{"rendered":"<p>Cd. Victoria, Tamaulipas.\u2013 Con el compromiso de seguir trabajando de la mano del gobernador Am\u00e9rico Villarreal Anaya en la construcci\u00f3n de una Capital digna de su historia, el presidente municipal Eduardo Gatt\u00e1s B\u00e1ez y Cabildo local, celebraron el Bicentenario de la Capitalidad de Victoria. En sesi\u00f3n solemne, sostuvo que Victoria es memoria viva de gente [&hellip;]<\/p>\n","protected":false},"author":1,"featured_media":2249,"comment_status":"open","ping_status":"closed","sticky":false,"template":"","format":"standard","meta":{"footnotes":""},"categories":[2],"tags":[],"class_list":["post-2247","post","type-post","status-publish","format-standard","has-post-thumbnail","hentry","category-local"],"_links":{"self":[{"href":"https:\/\/dvnoticias.com.mx\/index.php\/wp-json\/wp\/v2\/posts\/2247","targetHints":{"allow":["GET"]}}],"collection":[{"href":"https:\/\/dvnoticias.com.mx\/index.php\/wp-json\/wp\/v2\/posts"}],"about":[{"href":"https:\/\/dvnoticias.com.mx\/index.php\/wp-json\/wp\/v2\/types\/post"}],"author":[{"embeddable":true,"href":"https:\/\/dvnoticias.com.mx\/index.php\/wp-json\/wp\/v2\/users\/1"}],"replies":[{"embeddable":true,"href":"https:\/\/dvnoticias.com.mx\/index.php\/wp-json\/wp\/v2\/comments?post=2247"}],"version-history":[{"count":1,"href":"https:\/\/dvnoticias.com.mx\/index.php\/wp-json\/wp\/v2\/posts\/2247\/revisions"}],"predecessor-version":[{"id":2248,"href":"https:\/\/dvnoticias.com.mx\/index.php\/wp-json\/wp\/v2\/posts\/2247\/revisions\/2248"}],"wp:featuredmedia":[{"embeddable":true,"href":"https:\/\/dvnoticias.com.mx\/index.php\/wp-json\/wp\/v2\/media\/2249"}],"wp:attachment":[{"href":"https:\/\/dvnoticias.com.mx\/index.php\/wp-json\/wp\/v2\/media?parent=2247"}],"wp:term":[{"taxonomy":"category","embeddable":true,"href":"https:\/\/dvnoticias.com.mx\/index.php\/wp-json\/wp\/v2\/categories?post=2247"},{"taxonomy":"post_tag","embeddable":true,"href":"https:\/\/dvnoticias.com.mx\/index.php\/wp-json\/wp\/v2\/tags?post=2247"}],"curies":[{"name":"wp","href":"https:\/\/api.w.org\/{rel}","templated":true}]}}