{"id":2244,"date":"2025-04-21T16:24:46","date_gmt":"2025-04-21T21:24:46","guid":{"rendered":"https:\/\/dvnoticias.com.mx\/?p=2244"},"modified":"2025-04-21T21:24:47","modified_gmt":"2025-04-21T21:24:47","slug":"reportan-en-tamaulipas-11-afectados-por-el-calor-entre-ellos-un-hombre-fue-victima-fatal","status":"publish","type":"post","link":"https:\/\/dvnoticias.com.mx\/index.php\/2025\/04\/21\/reportan-en-tamaulipas-11-afectados-por-el-calor-entre-ellos-un-hombre-fue-victima-fatal\/","title":{"rendered":"Reportan en Tamaulipas 11 afectados por el calor, entre ellos, un hombre fue v\u00edctima fatal"},"content":{"rendered":"<p>Enrique Jonguitud<\/p>\n<p>Ciudad Victoria,Tamaulipas.- Las altas temperaturas registradas durante el fin de semana acumularon un n\u00famero de 11 personas afectadas por deshidrataci\u00f3n y golpe de calor, entre ellas, un fallecimiento de un hombre de 64 a\u00f1os en Tampico.<\/p>\n<p>Se trata de la primera v\u00edctima fatal de las olas de calor y que previo a su deceso fue ingresado al hospital general de Tampico, inform\u00f3 el epidemi\u00f3logo de la Secretar\u00eda de Salud de Tamaulipas, Sergio Uriegas Carmona.<\/p>\n<p>El funcionario dijo que ante los hechos, se estableci\u00f3 una coordinaci\u00f3n con la Comisi\u00f3n Nacional del Agua (Conagua) para alertar a la poblaci\u00f3n sobre las temperaturas y emitir un aviso antes de la llegada de cualquier ola de calor en las pr\u00f3ximas semanas.<\/p>\n<p>Uriegas Carmona subray\u00f3 \u201ca la fecha, ahorita este a\u00f1o, ya hay 11 casos relacionados con diagn\u00f3sticos de la temporada de calor, de estos cinco han sido insolaciones, cuatro golpes de calor, una deshidrataci\u00f3n y una quemadura, relacionadas con las temperaturas extremas por calor.<\/p>\n<p>El epidemi\u00f3logo dijo \u201clo que tenemos previsto tambi\u00e9n es integrar un Comando de Seguimiento a las olas de calor con los compa\u00f1eros de Conagua, en este sentido con los pron\u00f3sticos que Conagua nos proporciona y con un plan de abordaje de emergencias de olas de calor\u201d.<\/p>\n<p>El funcionario estatal indic\u00f3 que con ello las autoridades est\u00e1n listas para desencadenar alertas por olas de calor cuando as\u00ed suceda bajo indicaciones precisas por parte de Conagua y entonces hay oportunidad de detonar con tiempo la alerta y por supuesto las medidas de prevenci\u00f3n.<\/p>\n","protected":false},"excerpt":{"rendered":"<p>Enrique Jonguitud Ciudad Victoria,Tamaulipas.- Las altas temperaturas registradas durante el fin de semana acumularon un n\u00famero de 11 personas afectadas por deshidrataci\u00f3n y golpe de calor, entre ellas, un fallecimiento de un hombre de 64 a\u00f1os en Tampico. Se trata de la primera v\u00edctima fatal de las olas de calor y que previo a su [&hellip;]<\/p>\n","protected":false},"author":1,"featured_media":2246,"comment_status":"open","ping_status":"closed","sticky":false,"template":"","format":"standard","meta":{"footnotes":""},"categories":[3],"tags":[],"class_list":["post-2244","post","type-post","status-publish","format-standard","has-post-thumbnail","hentry","category-estatal"],"_links":{"self":[{"href":"https:\/\/dvnoticias.com.mx\/index.php\/wp-json\/wp\/v2\/posts\/2244","targetHints":{"allow":["GET"]}}],"collection":[{"href":"https:\/\/dvnoticias.com.mx\/index.php\/wp-json\/wp\/v2\/posts"}],"about":[{"href":"https:\/\/dvnoticias.com.mx\/index.php\/wp-json\/wp\/v2\/types\/post"}],"author":[{"embeddable":true,"href":"https:\/\/dvnoticias.com.mx\/index.php\/wp-json\/wp\/v2\/users\/1"}],"replies":[{"embeddable":true,"href":"https:\/\/dvnoticias.com.mx\/index.php\/wp-json\/wp\/v2\/comments?post=2244"}],"version-history":[{"count":1,"href":"https:\/\/dvnoticias.com.mx\/index.php\/wp-json\/wp\/v2\/posts\/2244\/revisions"}],"predecessor-version":[{"id":2245,"href":"https:\/\/dvnoticias.com.mx\/index.php\/wp-json\/wp\/v2\/posts\/2244\/revisions\/2245"}],"wp:featuredmedia":[{"embeddable":true,"href":"https:\/\/dvnoticias.com.mx\/index.php\/wp-json\/wp\/v2\/media\/2246"}],"wp:attachment":[{"href":"https:\/\/dvnoticias.com.mx\/index.php\/wp-json\/wp\/v2\/media?parent=2244"}],"wp:term":[{"taxonomy":"category","embeddable":true,"href":"https:\/\/dvnoticias.com.mx\/index.php\/wp-json\/wp\/v2\/categories?post=2244"},{"taxonomy":"post_tag","embeddable":true,"href":"https:\/\/dvnoticias.com.mx\/index.php\/wp-json\/wp\/v2\/tags?post=2244"}],"curies":[{"name":"wp","href":"https:\/\/api.w.org\/{rel}","templated":true}]}}